{"id":24257,"date":"2021-10-25T19:09:27","date_gmt":"2021-10-26T01:09:27","guid":{"rendered":"https:\/\/informativoelvalledeaguascalientes.online\/?p=24257"},"modified":"2021-10-25T19:09:27","modified_gmt":"2021-10-26T01:09:27","slug":"se-escribe-una-nueva-historia-para-aguascalientes-la-ciudad-de-tu-vida","status":"publish","type":"post","link":"https:\/\/informativoelvalledeaguascalientes.online\/?p=24257","title":{"rendered":"SE ESCRIBE UNA NUEVA HISTORIA PARA AGUASCALIENTES, LA CIUDAD DE TU VIDA"},"content":{"rendered":"<ul>\n<li><strong>Aguascalientes es y ser\u00e1 la ciudad de mi vida, de tu vida\u2026 de nuestras vidas, defenderla, abrazarla y protegerla como lo que m\u00e1s se ama, es nuestra misi\u00f3n<\/strong><\/li>\n<\/ul>\n<p>Resaltando las ra\u00edces que han forjado la historia de Aguascalientes,\u00a0<strong>Leonardo Monta\u00f1ez,<\/strong>\u00a0presidente municipal de Aguascalientes presenta la nueva imagen que acompa\u00f1ar\u00e1 la administraci\u00f3n municipal 2021-2024.<\/p>\n<p>Con un dise\u00f1o moderno y fresco, pero sobre todo fundamentado en enfatizar las ra\u00edces que forjan a Aguascalientes como una ciudad fuerte y firme, como un \u00e1rbol con una corteza tan gruesa como los valores, la historia y la herencia de los ciudadanos, se busca dar un nuevo sentido de pertenencia y renacer el orgullo de vivir en la ciudad de tu vida.<\/p>\n<p>\u201cNosotros somos sus ramas, todas distintas, pero todas unidas, diversas, pero con un mismo fin; entrelazadas y aferradas a un fuerte tronco que crece impetuoso, resaltando su grandeza en un bello atardecer como los de Aguascalientes.\u201d<\/p>\n<p><strong>Leonardo Monta\u00f1ez<\/strong>\u00a0ha enfatizado en que el sello principal de la administraci\u00f3n ser\u00e1 de unidad, sin distinciones partidistas, reconociendo las diferencias y construyendo a partir de ellas una causa com\u00fan y un legado de todas y todos, sin renunciar a cada uno de sus valores y principios, que tienen su origen en el respeto a la dignidad de la persona humana y la realizaci\u00f3n del bien com\u00fan.<\/p>\n<p>\u201cNuestras hojas son las acciones que emprendemos todos los d\u00edas y, su fruto, el resultado de tanto esfuerzo, en aras de vivir en una ciudad m\u00e1s humana, m\u00e1s justa y m\u00e1s pareja.\u201d<\/p>\n","protected":false},"excerpt":{"rendered":"<p>Aguascalientes es y ser\u00e1 la ciudad de mi vida, de tu vida\u2026 de nuestras vidas, defenderla, abrazarla y protegerla como lo que m\u00e1s se ama, es nuestra misi\u00f3n Resaltando las ra\u00edces que han forjado la historia de Aguascalientes,\u00a0Leonardo Monta\u00f1ez,\u00a0presidente municipal de Aguascalientes presenta la nueva imagen que acompa\u00f1ar\u00e1 la administraci\u00f3n municipal 2021-2024. Con un dise\u00f1o [&hellip;]<\/p>\n","protected":false},"author":1,"featured_media":24258,"comment_status":"closed","ping_status":"open","sticky":false,"template":"","format":"standard","meta":{"advanced_seo_description":"","jetpack_seo_html_title":"","jetpack_seo_noindex":false,"_jetpack_memberships_contains_paid_content":false,"footnotes":"","jetpack_publicize_message":"","jetpack_publicize_feature_enabled":true,"jetpack_social_post_already_shared":true,"jetpack_social_options":{"image_generator_settings":{"template":"highway","default_image_id":0,"font":"","enabled":false},"version":2}},"categories":[21,3],"tags":[22,25],"class_list":["post-24257","post","type-post","status-publish","format-standard","has-post-thumbnail","hentry","category-aguascalientes","category-municipio-aguascalientes","tag-aguascalientes","tag-mpio-aguascalientes"],"jetpack_publicize_connections":[],"jetpack_featured_media_url":"https:\/\/i0.wp.com\/informativoelvalledeaguascalientes.online\/wp-content\/uploads\/2021\/10\/37270FB4-EE77-4028-9BD0-B71ADF760953-scaled-1.jpeg?fit=2560%2C2560&ssl=1","jetpack-related-posts":[],"jetpack_sharing_enabled":true,"jetpack_likes_enabled":true,"_links":{"self":[{"href":"https:\/\/informativoelvalledeaguascalientes.online\/index.php?rest_route=\/wp\/v2\/posts\/24257","targetHints":{"allow":["GET"]}}],"collection":[{"href":"https:\/\/informativoelvalledeaguascalientes.online\/index.php?rest_route=\/wp\/v2\/posts"}],"about":[{"href":"https:\/\/informativoelvalledeaguascalientes.online\/index.php?rest_route=\/wp\/v2\/types\/post"}],"author":[{"embeddable":true,"href":"https:\/\/informativoelvalledeaguascalientes.online\/index.php?rest_route=\/wp\/v2\/users\/1"}],"replies":[{"embeddable":true,"href":"https:\/\/informativoelvalledeaguascalientes.online\/index.php?rest_route=%2Fwp%2Fv2%2Fcomments&post=24257"}],"version-history":[{"count":1,"href":"https:\/\/informativoelvalledeaguascalientes.online\/index.php?rest_route=\/wp\/v2\/posts\/24257\/revisions"}],"predecessor-version":[{"id":24259,"href":"https:\/\/informativoelvalledeaguascalientes.online\/index.php?rest_route=\/wp\/v2\/posts\/24257\/revisions\/24259"}],"wp:featuredmedia":[{"embeddable":true,"href":"https:\/\/informativoelvalledeaguascalientes.online\/index.php?rest_route=\/wp\/v2\/media\/24258"}],"wp:attachment":[{"href":"https:\/\/informativoelvalledeaguascalientes.online\/index.php?rest_route=%2Fwp%2Fv2%2Fmedia&parent=24257"}],"wp:term":[{"taxonomy":"category","embeddable":true,"href":"https:\/\/informativoelvalledeaguascalientes.online\/index.php?rest_route=%2Fwp%2Fv2%2Fcategories&post=24257"},{"taxonomy":"post_tag","embeddable":true,"href":"https:\/\/informativoelvalledeaguascalientes.online\/index.php?rest_route=%2Fwp%2Fv2%2Ftags&post=24257"}],"curies":[{"name":"wp","href":"https:\/\/api.w.org\/{rel}","templated":true}]}}