{"id":24165,"date":"2021-10-21T20:51:07","date_gmt":"2021-10-22T02:51:07","guid":{"rendered":"https:\/\/informativoelvalledeaguascalientes.online\/?p=24165"},"modified":"2021-10-21T20:51:07","modified_gmt":"2021-10-22T02:51:07","slug":"por-un-aguascalientes-mas-sano","status":"publish","type":"post","link":"https:\/\/informativoelvalledeaguascalientes.online\/?p=24165","title":{"rendered":"POR UN AGUASCALIENTES M\u00c1S SANO"},"content":{"rendered":"<p style=\"font-weight: 400;\">#informativoelvalledeaguascalientes , #novaradioaguascalientes<\/p>\n<p style=\"font-weight: 400;\">El Senador To\u00f1o Mart\u00edn del Campo continuar\u00e1 apoyando a la gente m\u00e1s necesitada de los municipios del interior con las \u201cBrigadas Del Lado de la Gente\u201d en las cuales m\u00e1s de 20 m\u00e9dicos estar\u00e1 brindando atenci\u00f3n totalmente gratuita, as\u00ed como tambi\u00e9n un grupo de abogados estar\u00e1n dando asesor\u00edas legales sin costo alguno.<\/p>\n<p style=\"font-weight: 400;\">\n<p style=\"font-weight: 400;\">Este fin de semana las brigadas se estar\u00e1n llevan a cobo en el Municipio de Pabell\u00f3n de Arteaga el pr\u00f3ximo s\u00e1bado en la explanada d los S\u00edmbolos Patrios y el domingo en el San Francisco de los Romo en la Plaza Alfonso Romo de Vivar en un horario de 11:00 a 15:30 horas.<\/p>\n<p style=\"font-weight: 400;\">\n<p style=\"font-weight: 400;\">Cabe hacer menci\u00f3n que durante estas Brigadas tambi\u00e9n se estar\u00e1n llevando actividades deportivas y recreativas para los menores de edad, atenci\u00f3n psicol\u00f3gica y tambi\u00e9n se estar\u00e1 realizando corte de pelo gratuito a todas las personas que as\u00ed lo requieran.<\/p>\n","protected":false},"excerpt":{"rendered":"<p>#informativoelvalledeaguascalientes , #novaradioaguascalientes El Senador To\u00f1o Mart\u00edn del Campo continuar\u00e1 apoyando a la gente m\u00e1s necesitada de los municipios del interior con las \u201cBrigadas Del Lado de la Gente\u201d en las cuales m\u00e1s de 20 m\u00e9dicos estar\u00e1 brindando atenci\u00f3n totalmente gratuita, as\u00ed como tambi\u00e9n un grupo de abogados estar\u00e1n dando asesor\u00edas legales sin costo alguno. [&hellip;]<\/p>\n","protected":false},"author":1,"featured_media":24166,"comment_status":"closed","ping_status":"open","sticky":false,"template":"","format":"standard","meta":{"advanced_seo_description":"","jetpack_seo_html_title":"","jetpack_seo_noindex":false,"_jetpack_memberships_contains_paid_content":false,"footnotes":"","jetpack_publicize_message":"","jetpack_publicize_feature_enabled":true,"jetpack_social_post_already_shared":true,"jetpack_social_options":{"image_generator_settings":{"template":"highway","default_image_id":0,"font":"","enabled":false},"version":2}},"categories":[21,7],"tags":[22,23,49],"class_list":["post-24165","post","type-post","status-publish","format-standard","has-post-thumbnail","hentry","category-aguascalientes","category-pan-aguascalientes","tag-aguascalientes","tag-pan-aguascalientes","tag-tono-martin-del-campo"],"jetpack_publicize_connections":[],"jetpack_featured_media_url":"https:\/\/i0.wp.com\/informativoelvalledeaguascalientes.online\/wp-content\/uploads\/2021\/10\/unnamed-32-scaled.jpg?fit=2560%2C1430&ssl=1","jetpack-related-posts":[],"jetpack_sharing_enabled":true,"jetpack_likes_enabled":true,"_links":{"self":[{"href":"https:\/\/informativoelvalledeaguascalientes.online\/index.php?rest_route=\/wp\/v2\/posts\/24165","targetHints":{"allow":["GET"]}}],"collection":[{"href":"https:\/\/informativoelvalledeaguascalientes.online\/index.php?rest_route=\/wp\/v2\/posts"}],"about":[{"href":"https:\/\/informativoelvalledeaguascalientes.online\/index.php?rest_route=\/wp\/v2\/types\/post"}],"author":[{"embeddable":true,"href":"https:\/\/informativoelvalledeaguascalientes.online\/index.php?rest_route=\/wp\/v2\/users\/1"}],"replies":[{"embeddable":true,"href":"https:\/\/informativoelvalledeaguascalientes.online\/index.php?rest_route=%2Fwp%2Fv2%2Fcomments&post=24165"}],"version-history":[{"count":1,"href":"https:\/\/informativoelvalledeaguascalientes.online\/index.php?rest_route=\/wp\/v2\/posts\/24165\/revisions"}],"predecessor-version":[{"id":24167,"href":"https:\/\/informativoelvalledeaguascalientes.online\/index.php?rest_route=\/wp\/v2\/posts\/24165\/revisions\/24167"}],"wp:featuredmedia":[{"embeddable":true,"href":"https:\/\/informativoelvalledeaguascalientes.online\/index.php?rest_route=\/wp\/v2\/media\/24166"}],"wp:attachment":[{"href":"https:\/\/informativoelvalledeaguascalientes.online\/index.php?rest_route=%2Fwp%2Fv2%2Fmedia&parent=24165"}],"wp:term":[{"taxonomy":"category","embeddable":true,"href":"https:\/\/informativoelvalledeaguascalientes.online\/index.php?rest_route=%2Fwp%2Fv2%2Fcategories&post=24165"},{"taxonomy":"post_tag","embeddable":true,"href":"https:\/\/informativoelvalledeaguascalientes.online\/index.php?rest_route=%2Fwp%2Fv2%2Ftags&post=24165"}],"curies":[{"name":"wp","href":"https:\/\/api.w.org\/{rel}","templated":true}]}}