{"id":24117,"date":"2021-10-20T19:15:59","date_gmt":"2021-10-21T01:15:59","guid":{"rendered":"https:\/\/informativoelvalledeaguascalientes.online\/?p=24117"},"modified":"2021-10-20T19:15:59","modified_gmt":"2021-10-21T01:15:59","slug":"afinan-ultimos-detalles-para-el-congreso-y-campeonato-nacional-charro","status":"publish","type":"post","link":"https:\/\/informativoelvalledeaguascalientes.online\/?p=24117","title":{"rendered":"AFINAN \u00daLTIMOS DETALLES PARA EL CONGRESO Y CAMPEONATO NACIONAL CHARRO"},"content":{"rendered":"<p>#informativoelvalledeaguascalientes , #novaradioaguascalientes<\/p>\n<p dir=\"ltr\">El gobernador Mart\u00edn Orozco Sandoval se reuni\u00f3 con representantes del comit\u00e9 de organizaci\u00f3n del LXXVII Congreso y Campeonato Nacional Charro, el cual se celebrar\u00e1 del 5 al 21 de noviembre en Aguascalientes con sede principal en la nueva Arena San Marcos.<\/p>\n<p>&nbsp;<\/p>\n<p dir=\"ltr\">Durante este encuentro se afinaron detalles para que el evento tenga el sello caracter\u00edstico de la log\u00edstica en nuestro estado y se cuente con las condiciones necesarias para recibir con calidez y calidad a los visitantes que llegar\u00e1n a la entidad.<\/p>\n<p>&nbsp;<\/p>\n<p dir=\"ltr\">Orozco Sandoval destac\u00f3 que en un trabajo coordinado con la Federaci\u00f3n Mexicana de Charrer\u00eda se dise\u00f1\u00f3 un programa variado de actividades entre las que se encuentran conciertos, zonas de juegos mec\u00e1nicos, feria ganadera y agroindustrial, shows y pabellones gastron\u00f3micos, as\u00ed como exposiciones.<\/p>\n<p>&nbsp;<\/p>\n<p dir=\"ltr\">Finalmente, record\u00f3 que en total se tendr\u00e1 la participaci\u00f3n de 144 equipos de todo M\u00e9xico y algunos originarios de otros pa\u00edses como Estados Unidos, adem\u00e1s de 112 escaramuzas nacionales y 16 charros completos.<\/p>\n<p>&nbsp;<\/p>\n<p dir=\"ltr\">En la reuni\u00f3n estuvieron presentes Jos\u00e9 Antonio Salcedo, presidente de la Federaci\u00f3n Mexicana de Charrer\u00eda y Manuel Esparza, presidente de la Uni\u00f3n de Asociaciones de Charros de Aguascalientes; entre otras autoridades.<\/p>\n","protected":false},"excerpt":{"rendered":"<p>#informativoelvalledeaguascalientes , #novaradioaguascalientes El gobernador Mart\u00edn Orozco Sandoval se reuni\u00f3 con representantes del comit\u00e9 de organizaci\u00f3n del LXXVII Congreso y Campeonato Nacional Charro, el cual se celebrar\u00e1 del 5 al 21 de noviembre en Aguascalientes con sede principal en la nueva Arena San Marcos. &nbsp; Durante este encuentro se afinaron detalles para que el evento [&hellip;]<\/p>\n","protected":false},"author":1,"featured_media":24118,"comment_status":"closed","ping_status":"open","sticky":false,"template":"","format":"standard","meta":{"advanced_seo_description":"","jetpack_seo_html_title":"","jetpack_seo_noindex":false,"_jetpack_memberships_contains_paid_content":false,"footnotes":"","jetpack_publicize_message":"","jetpack_publicize_feature_enabled":true,"jetpack_social_post_already_shared":true,"jetpack_social_options":{"image_generator_settings":{"template":"highway","default_image_id":0,"font":"","enabled":false},"version":2}},"categories":[21,4],"tags":[22,528,31],"class_list":["post-24117","post","type-post","status-publish","format-standard","has-post-thumbnail","hentry","category-aguascalientes","category-gobierno-del-estado-aguascalientes","tag-aguascalientes","tag-federacion-mexicana-de-charreria","tag-mos"],"jetpack_publicize_connections":[],"jetpack_featured_media_url":"https:\/\/i0.wp.com\/informativoelvalledeaguascalientes.online\/wp-content\/uploads\/2021\/10\/WhatsApp-Image-2021-10-20-at-1.33.54-PM.jpeg?fit=1280%2C853&ssl=1","jetpack-related-posts":[],"jetpack_sharing_enabled":true,"jetpack_likes_enabled":true,"_links":{"self":[{"href":"https:\/\/informativoelvalledeaguascalientes.online\/index.php?rest_route=\/wp\/v2\/posts\/24117","targetHints":{"allow":["GET"]}}],"collection":[{"href":"https:\/\/informativoelvalledeaguascalientes.online\/index.php?rest_route=\/wp\/v2\/posts"}],"about":[{"href":"https:\/\/informativoelvalledeaguascalientes.online\/index.php?rest_route=\/wp\/v2\/types\/post"}],"author":[{"embeddable":true,"href":"https:\/\/informativoelvalledeaguascalientes.online\/index.php?rest_route=\/wp\/v2\/users\/1"}],"replies":[{"embeddable":true,"href":"https:\/\/informativoelvalledeaguascalientes.online\/index.php?rest_route=%2Fwp%2Fv2%2Fcomments&post=24117"}],"version-history":[{"count":1,"href":"https:\/\/informativoelvalledeaguascalientes.online\/index.php?rest_route=\/wp\/v2\/posts\/24117\/revisions"}],"predecessor-version":[{"id":24119,"href":"https:\/\/informativoelvalledeaguascalientes.online\/index.php?rest_route=\/wp\/v2\/posts\/24117\/revisions\/24119"}],"wp:featuredmedia":[{"embeddable":true,"href":"https:\/\/informativoelvalledeaguascalientes.online\/index.php?rest_route=\/wp\/v2\/media\/24118"}],"wp:attachment":[{"href":"https:\/\/informativoelvalledeaguascalientes.online\/index.php?rest_route=%2Fwp%2Fv2%2Fmedia&parent=24117"}],"wp:term":[{"taxonomy":"category","embeddable":true,"href":"https:\/\/informativoelvalledeaguascalientes.online\/index.php?rest_route=%2Fwp%2Fv2%2Fcategories&post=24117"},{"taxonomy":"post_tag","embeddable":true,"href":"https:\/\/informativoelvalledeaguascalientes.online\/index.php?rest_route=%2Fwp%2Fv2%2Ftags&post=24117"}],"curies":[{"name":"wp","href":"https:\/\/api.w.org\/{rel}","templated":true}]}}