{"id":24103,"date":"2021-10-20T18:55:39","date_gmt":"2021-10-21T00:55:39","guid":{"rendered":"https:\/\/informativoelvalledeaguascalientes.online\/?p=24103"},"modified":"2021-10-20T18:55:39","modified_gmt":"2021-10-21T00:55:39","slug":"anuncia-gobernador-nuevo-titular-a-cargo-de-la-obra-publica-en-el-estado","status":"publish","type":"post","link":"https:\/\/informativoelvalledeaguascalientes.online\/?p=24103","title":{"rendered":"ANUNCIA GOBERNADOR NUEVO TITULAR A CARGO DE LA\u00a0 OBRA P\u00daBLICA EN EL ESTADO"},"content":{"rendered":"<p>#informativoelvalledeaguascalientes , #novaradioaguascalientes<\/p>\n<ul>\n<li dir=\"ltr\">\n<p dir=\"ltr\" role=\"presentation\">Jos\u00e9 de Jes\u00fas Altiamira Acosta retomar\u00e1 el cargo, dando prioridad y solidez a los proyectos que se edifican actualmente<\/p>\n<\/li>\n<li dir=\"ltr\">\n<p dir=\"ltr\" role=\"presentation\">En el \u00faltimo a\u00f1o se consolidar\u00e1 el flujo continuo y los proyectos que han sido emblema de la administraci\u00f3n<\/p>\n<\/li>\n<\/ul>\n<p>&nbsp;<\/p>\n<p dir=\"ltr\">El gobernador Mart\u00edn Orozco Sandoval inform\u00f3 que la Secretar\u00eda de Obras P\u00fablicas de Aguascalientes quedar\u00e1 a cargo de Jos\u00e9 de Jes\u00fas Altamira Acosta, quien hab\u00eda fungido anteriormente como secretario de esta dependencia, desempe\u00f1ando un papel acorde a las demandas de un Aguascalientes en pleno desarrollo.<\/p>\n<p>&nbsp;<\/p>\n<p dir=\"ltr\">El mandatario se\u00f1al\u00f3 que por motivos personales, C\u00e9sar Enrique Peralta Plancarte decidi\u00f3 renunciar a su cargo como titular de obras p\u00fablicas en el estado.<\/p>\n<p>&nbsp;<\/p>\n<p dir=\"ltr\">Orozco Sandoval dijo que se continuar\u00e1 trabajando de manera contundente y s\u00f3lida en la construcci\u00f3n del libramiento carretero, las obras finales del flujo cont\u00ednuo de Segundo Anillo, as\u00ed como la Arena de la Isla San Marcos.<\/p>\n<p>&nbsp;<\/p>\n<p dir=\"ltr\">Finalmente, detall\u00f3 que la SOP seguir\u00e1 siendo una dependencia fundamental en lo que resta de la administraci\u00f3n, pues ha sido una de las piezas claves para la recuperaci\u00f3n econ\u00f3mica y la construcci\u00f3n de una entidad vanguardista con infraestructura acorde a las necesidades del presente y el futuro.<\/p>\n","protected":false},"excerpt":{"rendered":"<p>#informativoelvalledeaguascalientes , #novaradioaguascalientes Jos\u00e9 de Jes\u00fas Altiamira Acosta retomar\u00e1 el cargo, dando prioridad y solidez a los proyectos que se edifican actualmente En el \u00faltimo a\u00f1o se consolidar\u00e1 el flujo continuo y los proyectos que han sido emblema de la administraci\u00f3n &nbsp; El gobernador Mart\u00edn Orozco Sandoval inform\u00f3 que la Secretar\u00eda de Obras P\u00fablicas de [&hellip;]<\/p>\n","protected":false},"author":1,"featured_media":24104,"comment_status":"closed","ping_status":"open","sticky":false,"template":"","format":"standard","meta":{"advanced_seo_description":"","jetpack_seo_html_title":"","jetpack_seo_noindex":false,"_jetpack_memberships_contains_paid_content":false,"footnotes":"","jetpack_publicize_message":"","jetpack_publicize_feature_enabled":true,"jetpack_social_post_already_shared":true,"jetpack_social_options":{"image_generator_settings":{"template":"highway","default_image_id":0,"font":"","enabled":false},"version":2}},"categories":[21,4],"tags":[22,31,46],"class_list":["post-24103","post","type-post","status-publish","format-standard","has-post-thumbnail","hentry","category-aguascalientes","category-gobierno-del-estado-aguascalientes","tag-aguascalientes","tag-mos","tag-sop"],"jetpack_publicize_connections":[],"jetpack_featured_media_url":"https:\/\/i0.wp.com\/informativoelvalledeaguascalientes.online\/wp-content\/uploads\/2021\/10\/SOP-1.jpg?fit=940%2C788&ssl=1","jetpack-related-posts":[],"jetpack_sharing_enabled":true,"jetpack_likes_enabled":true,"_links":{"self":[{"href":"https:\/\/informativoelvalledeaguascalientes.online\/index.php?rest_route=\/wp\/v2\/posts\/24103","targetHints":{"allow":["GET"]}}],"collection":[{"href":"https:\/\/informativoelvalledeaguascalientes.online\/index.php?rest_route=\/wp\/v2\/posts"}],"about":[{"href":"https:\/\/informativoelvalledeaguascalientes.online\/index.php?rest_route=\/wp\/v2\/types\/post"}],"author":[{"embeddable":true,"href":"https:\/\/informativoelvalledeaguascalientes.online\/index.php?rest_route=\/wp\/v2\/users\/1"}],"replies":[{"embeddable":true,"href":"https:\/\/informativoelvalledeaguascalientes.online\/index.php?rest_route=%2Fwp%2Fv2%2Fcomments&post=24103"}],"version-history":[{"count":1,"href":"https:\/\/informativoelvalledeaguascalientes.online\/index.php?rest_route=\/wp\/v2\/posts\/24103\/revisions"}],"predecessor-version":[{"id":24105,"href":"https:\/\/informativoelvalledeaguascalientes.online\/index.php?rest_route=\/wp\/v2\/posts\/24103\/revisions\/24105"}],"wp:featuredmedia":[{"embeddable":true,"href":"https:\/\/informativoelvalledeaguascalientes.online\/index.php?rest_route=\/wp\/v2\/media\/24104"}],"wp:attachment":[{"href":"https:\/\/informativoelvalledeaguascalientes.online\/index.php?rest_route=%2Fwp%2Fv2%2Fmedia&parent=24103"}],"wp:term":[{"taxonomy":"category","embeddable":true,"href":"https:\/\/informativoelvalledeaguascalientes.online\/index.php?rest_route=%2Fwp%2Fv2%2Fcategories&post=24103"},{"taxonomy":"post_tag","embeddable":true,"href":"https:\/\/informativoelvalledeaguascalientes.online\/index.php?rest_route=%2Fwp%2Fv2%2Ftags&post=24103"}],"curies":[{"name":"wp","href":"https:\/\/api.w.org\/{rel}","templated":true}]}}