{"id":24040,"date":"2021-10-18T18:08:04","date_gmt":"2021-10-19T00:08:04","guid":{"rendered":"https:\/\/informativoelvalledeaguascalientes.online\/?p=24040"},"modified":"2021-10-18T18:08:04","modified_gmt":"2021-10-19T00:08:04","slug":"fia-f4-nacam-championship-y-axcel-sports-crean-importante-alianza","status":"publish","type":"post","link":"https:\/\/informativoelvalledeaguascalientes.online\/?p=24040","title":{"rendered":"FIA F4 NACAM Championship y Axcel Sports crean importante alianza"},"content":{"rendered":"<p style=\"font-weight: 400;\"><a class=\"oajrlxb2 g5ia77u1 qu0x051f esr5mh6w e9989ue4 r7d6kgcz rq0escxv nhd2j8a9 nc684nl6 p7hjln8o kvgmc6g5 cxmmr5t8 oygrvhab hcukyx3x jb3vyjys rz4wbd8a qt6c0cv9 a8nywdso i1ao9s8h esuyzwwr f1sip0of lzcic4wl q66pz984 gpro0wi8 b1v8xokw\" tabindex=\"0\" role=\"link\" href=\"https:\/\/www.facebook.com\/hashtag\/informativoelvalledeaguascalientes?__eep__=6&amp;__cft__[0]=AZWkKOyjVbZknoznYfKJ1K27W8xGNuMaOBCQeEEH1dT_a-qWy-DqlieiKV1GNvNbN3TWiaz5D_HwRyg-Frpk5chYppJMzix9utYn1Ud5kqJf0qQy3Znp_dk9xh7ekP6eVtT3qM5oxtcgPjLzvhYdC1TsWBBeo8e0ZTSwDR-nYO9h-AfNNGZ9qSxaVMsY2uY0BZM&amp;__tn__=*NK-R\">#informativoelvalledeaguascalientes<\/a> , <a class=\"oajrlxb2 g5ia77u1 qu0x051f esr5mh6w e9989ue4 r7d6kgcz rq0escxv nhd2j8a9 nc684nl6 p7hjln8o kvgmc6g5 cxmmr5t8 oygrvhab hcukyx3x jb3vyjys rz4wbd8a qt6c0cv9 a8nywdso i1ao9s8h esuyzwwr f1sip0of lzcic4wl q66pz984 gpro0wi8 b1v8xokw\" tabindex=\"0\" role=\"link\" href=\"https:\/\/www.facebook.com\/hashtag\/novaradioaguascalientes?__eep__=6&amp;__cft__[0]=AZWkKOyjVbZknoznYfKJ1K27W8xGNuMaOBCQeEEH1dT_a-qWy-DqlieiKV1GNvNbN3TWiaz5D_HwRyg-Frpk5chYppJMzix9utYn1Ud5kqJf0qQy3Znp_dk9xh7ekP6eVtT3qM5oxtcgPjLzvhYdC1TsWBBeo8e0ZTSwDR-nYO9h-AfNNGZ9qSxaVMsY2uY0BZM&amp;__tn__=*NK-R\">#novaradioaguascalientes<\/a><\/p>\n<p style=\"font-weight: 400;\"><strong>\u00a0<\/strong><\/p>\n<p style=\"font-weight: 400;\"><strong>CDMX, a 18 de octubre de 2021.-<\/strong>\u00a0El compromiso de la\u00a0<strong>FIA F4 NACAM Championship<\/strong>\u00a0con los nuevos valores del automovilismo latinoamericano se sigue fortaleciendo, esta vez creando una alianza con la marca estadounidense,\u00a0<strong>Axcel Sports<\/strong>, dando un paso en conjunto en pro de los pilotos que forman parte de este importante campeonato.<\/p>\n<p style=\"font-weight: 400;\">\n<p style=\"font-weight: 400;\">Siendo la categor\u00eda pre-estelar de la\u00a0<strong>F\u00f3rmula 1 en M\u00e9xico<\/strong>, adem\u00e1s del m\u00e1ximo semillero de talentos en autos f\u00f3rmula de Latinoam\u00e9rica, la\u00a0<strong>FIA F4 NACAM Championship<\/strong>\u00a0se ha caracterizado por invitar a empresas de relevancia para dar un soporte extra a los j\u00f3venes talentos, lo cual se ve reflejado en un mejor rendimiento en todos los aspectos que envuelven su formaci\u00f3n.<\/p>\n<p style=\"font-weight: 400;\">\n<p style=\"font-weight: 400;\">Por ello, se suma la compa\u00f1\u00eda fundada en 2007 por el sr. Brian Burley,\u00a0<strong>Axcel Sports<\/strong>, fabricante de ropa, accesorios, ropa de equipo y mercader\u00eda para fan\u00e1ticos de carreras de automovilismo, asentando de esta forma su compromiso no solo con el mercado latino, sino con los deportistas que comienzan un ascenso en su carrera.<\/p>\n<p style=\"font-weight: 400;\">\n<p style=\"font-weight: 400;\">Flavio Abed,\u00a0<strong>CEO<\/strong>\u00a0de la\u00a0<strong>FIA F4 NACAM Championship<\/strong>:<\/p>\n<p style=\"font-weight: 400;\">\n<p style=\"font-weight: 400;\"><strong><em>\u201cPara nosotros es un verdadero placer el hacer anuncios de este tipo, teniendo alianzas importantes con marcas como Axcel Sports que no solo creen en nuestro campeonato, sino tambi\u00e9n en nuestros pilotos que es lo m\u00e1s importante de esto\u201d.<\/em><\/strong><\/p>\n<p style=\"font-weight: 400;\"><strong><em>\u00a0<\/em><\/strong><\/p>\n<p style=\"font-weight: 400;\"><strong><em>\u201cAgradecerles y darles la bienvenida, esta es una forma de seguir con ese apoyo para los j\u00f3venes talentos, de ponerles las armas necesarias a su alcance para buscar ese crecimiento que les permita dar el salto a campeonatos mayores m\u00e1s adelante como lo hemos venido haciendo a lo largo de estos a\u00f1os\u201d.<\/em><\/strong><\/p>\n<p style=\"font-weight: 400;\"><strong><em>\u00a0<\/em><\/strong><\/p>\n<p style=\"font-weight: 400;\">Sr. Burley, propietario y director ejecutivo de\u00a0<strong>Axcel Sports<\/strong>:<\/p>\n<p style=\"font-weight: 400;\">\n<p style=\"font-weight: 400;\"><strong><em>\u201cReiteramos nuestro compromiso con los deportistas y con el mercado latino. El automovilismo mexicano sigue creciendo, por ello es importante para nosotros el estar aqu\u00ed, darles el apoyo necesario desde Axcel Sports para que tengan ese desarrollo\u201d.<\/em><\/strong><\/p>\n<p style=\"font-weight: 400;\"><strong><em>\u00a0<\/em><\/strong><\/p>\n<p style=\"font-weight: 400;\"><strong><em>\u201cLa FIA F4 NACAM Championship es un campeonato muy importante no solo para los mexicanos, hay pilotos de diferentes nacionalidades que forman parte de este programa. Para todos ellos es esta alianza, agradeciendo por supuesto a Flavio Abed y a todo su equipo por permitirnos formar parte de este\u201d.<\/em><\/strong><strong><em>\u00a0<\/em><\/strong><strong><em>\u00a0<\/em><\/strong><strong><em>\u00a0<\/em><\/strong><strong><em><br \/>\n<\/em><\/strong><\/p>\n<p style=\"font-weight: 400;\">Ahora la\u00a0<strong>FIA F4 NACAM Championship<\/strong>\u00a0se prepara rumbo a su participaci\u00f3n en el\u00a0<strong>Gran Premio de M\u00e9xico<\/strong>, haciendo escala el 1 y 2 de noviembre en el\u00a0<strong>Aut\u00f3dromo Internacional Miguel E. Abed<\/strong>, de Amozoc, Puebla.<\/p>\n<p style=\"font-weight: 400;\">\n<p style=\"font-weight: 400;\"><strong>Media F\u00f3rmula 4<\/strong><\/p>\n","protected":false},"excerpt":{"rendered":"<p>#informativoelvalledeaguascalientes , #novaradioaguascalientes \u00a0 CDMX, a 18 de octubre de 2021.-\u00a0El compromiso de la\u00a0FIA F4 NACAM Championship\u00a0con los nuevos valores del automovilismo latinoamericano se sigue fortaleciendo, esta vez creando una alianza con la marca estadounidense,\u00a0Axcel Sports, dando un paso en conjunto en pro de los pilotos que forman parte de este importante campeonato. Siendo la [&hellip;]<\/p>\n","protected":false},"author":1,"featured_media":24041,"comment_status":"closed","ping_status":"open","sticky":false,"template":"","format":"standard","meta":{"advanced_seo_description":"","jetpack_seo_html_title":"","jetpack_seo_noindex":false,"_jetpack_memberships_contains_paid_content":false,"footnotes":"","jetpack_publicize_message":"","jetpack_publicize_feature_enabled":true,"jetpack_social_post_already_shared":true,"jetpack_social_options":{"image_generator_settings":{"template":"highway","default_image_id":0,"font":"","enabled":false},"version":2}},"categories":[19],"tags":[526,232],"class_list":["post-24040","post","type-post","status-publish","format-standard","has-post-thumbnail","hentry","category-informacion-general","tag-fia-f4-nacam-championship","tag-informacion-general"],"jetpack_publicize_connections":[],"jetpack_featured_media_url":"https:\/\/i0.wp.com\/informativoelvalledeaguascalientes.online\/wp-content\/uploads\/2021\/10\/Fo%CC%81rmula-4-2.jpg?fit=2000%2C1333&ssl=1","jetpack-related-posts":[],"jetpack_sharing_enabled":true,"jetpack_likes_enabled":true,"_links":{"self":[{"href":"https:\/\/informativoelvalledeaguascalientes.online\/index.php?rest_route=\/wp\/v2\/posts\/24040","targetHints":{"allow":["GET"]}}],"collection":[{"href":"https:\/\/informativoelvalledeaguascalientes.online\/index.php?rest_route=\/wp\/v2\/posts"}],"about":[{"href":"https:\/\/informativoelvalledeaguascalientes.online\/index.php?rest_route=\/wp\/v2\/types\/post"}],"author":[{"embeddable":true,"href":"https:\/\/informativoelvalledeaguascalientes.online\/index.php?rest_route=\/wp\/v2\/users\/1"}],"replies":[{"embeddable":true,"href":"https:\/\/informativoelvalledeaguascalientes.online\/index.php?rest_route=%2Fwp%2Fv2%2Fcomments&post=24040"}],"version-history":[{"count":1,"href":"https:\/\/informativoelvalledeaguascalientes.online\/index.php?rest_route=\/wp\/v2\/posts\/24040\/revisions"}],"predecessor-version":[{"id":24042,"href":"https:\/\/informativoelvalledeaguascalientes.online\/index.php?rest_route=\/wp\/v2\/posts\/24040\/revisions\/24042"}],"wp:featuredmedia":[{"embeddable":true,"href":"https:\/\/informativoelvalledeaguascalientes.online\/index.php?rest_route=\/wp\/v2\/media\/24041"}],"wp:attachment":[{"href":"https:\/\/informativoelvalledeaguascalientes.online\/index.php?rest_route=%2Fwp%2Fv2%2Fmedia&parent=24040"}],"wp:term":[{"taxonomy":"category","embeddable":true,"href":"https:\/\/informativoelvalledeaguascalientes.online\/index.php?rest_route=%2Fwp%2Fv2%2Fcategories&post=24040"},{"taxonomy":"post_tag","embeddable":true,"href":"https:\/\/informativoelvalledeaguascalientes.online\/index.php?rest_route=%2Fwp%2Fv2%2Ftags&post=24040"}],"curies":[{"name":"wp","href":"https:\/\/api.w.org\/{rel}","templated":true}]}}