{"id":23812,"date":"2021-10-11T13:26:48","date_gmt":"2021-10-11T19:26:48","guid":{"rendered":"https:\/\/informativoelvalledeaguascalientes.online\/?p=23812"},"modified":"2021-10-11T13:29:05","modified_gmt":"2021-10-11T19:29:05","slug":"aguascalientes-se-pinto-de-azul-y-amarillo-de-canels-con-el-triunfo-de-ruben-garcia-y-alex-de-alba","status":"publish","type":"post","link":"https:\/\/informativoelvalledeaguascalientes.online\/?p=23812","title":{"rendered":"AGUASCALIENTES SE PINTO DE AZUL Y AMARILLO DE CANEL`S CON EL TRIUNFO DE RUB\u00c9N GARC\u00cdA Y ALEX DE ALBA"},"content":{"rendered":"<p>#informativoelvalledeaguascalientes #novaradioaguascalientes<\/p>\n<p>&nbsp;<\/p>\n<p style=\"font-weight: 400;\">Tal y como ocurriera en la primera fecha de Aguascalientes, Rub\u00e9n Garc\u00eda Jr. y Alex de Alba Jr. de Canel\u00b4s-Logitech, se impusieron en la octava fecha de NASCAR Peak M\u00e9xico Series presentado por Telcel tanto en la categor\u00eda Peak como en la Challenge.<\/p>\n<p style=\"font-weight: 400;\">El dueto del equipo potosino se vio invencible y una vez que se apoderaron del liderato se fueron en busca de la victoria, la cual colocan a Rub\u00e9n al frente del campeonato de la Peak y a De Alba lo acerca a Noel Le\u00f3n que cruz\u00f3 la meta segundo en la Challenge.<\/p>\n<p style=\"font-weight: 400;\">La carrera se vio interrumpida varias veces en virtud de derramamiento de aceite por parte de algunos autos y en otras por suciedad en la pista, altern\u00e1ndose banderas amarillas con rojas.<\/p>\n<p style=\"font-weight: 400;\">\u201cEsta carrera fue un sue\u00f1o, no solamente por la victoria, sino tambi\u00e9n porque me hacen llegar a la siguiente fecha que es en San Luis potos\u00ed, la casa de nuestros patrocinadores, como l\u00edderes del campeonato\u201d, expres\u00f3 Rub\u00e9n.<\/p>\n<p style=\"font-weight: 400;\">Por su parte Alex dijo que podr\u00eda haber cruzado la meta detr\u00e1s de su coequipero, pero que cuando vio que era arriesgar m\u00e1s de lo necesario. Se dedic\u00f3 a conservar el tercer puesto general y ganar en su categor\u00eda.<\/p>\n<p style=\"font-weight: 400;\">Rub\u00e9n Rovelo finaliz\u00f3 segundo en la Peak y dijo que en alguna parte de las \u00faltimas vueltas pens\u00f3 que pod\u00eda alcanzar y rebasar al piloto Canel\u00b4s, pero que Garc\u00eda supo conservar la diferencia.<\/p>\n<p style=\"font-weight: 400;\">Excelente carrera de Max Guti\u00e9rerez de Adixi\u00f3n Capital-Telcel que lleg\u00f3 tercero en la Peak: \u201cEs muy importante seguir sumando una buena cantidad de puntos, faltan cuatro fechas para el final y a\u00fan todo puede pasar\u201d.<\/p>\n<p style=\"font-weight: 400;\">En la Challenge la segunda posici\u00f3n qued\u00f3 en poder del piloto Alessandros, Noel Le\u00f3n, quien aclar\u00f3 que su unidad perdi\u00f3 potencia m\u00e1s all\u00e1 de la mitad de carrera y entonces el objetivo era no perder una buena cantidad de unidades.<\/p>\n<p style=\"font-weight: 400;\">Tercero en una magn\u00edfica competencia, finaliz\u00f3 Andrik Dimayuga de Grupo Virdi-Hyundai Electronics quien incluso durante algunas vueltas estuvo al frente del grupo general: \u201cExcelente carrera sobre todo porque cosecho una importante cantidad de puntos con los cuales contin\u00fao en la pelea por el Novato del A\u00f1o\u201d.<\/p>\n<p style=\"font-weight: 400;\">M\u00e1s de 15,000 personas se dieron cita en el \u00d3valo Aguascalientes M\u00e9xico y la siguiente fecha de NASCAR Peak M\u00e9xico Series presentado por Telcel, se correr\u00e1 el 23 y 24 de octubre en el S\u00faper \u00d3valo Potosino.<\/p>\n<p style=\"font-weight: 400;\">FEDERICO GUTI\u00c9RREZ LO HIZO EN AGUASCALIENTES Y CONSIGUE SU PRIMER TRIUNFO EN LA FB Y BOHN MIKEL\u2019S TRUCKS<\/p>\n<p style=\"font-weight: 400;\">Las sorpresas no se hicieron esperar en la 8va fecha de la FB y BOHN Mikel\u2019s Trucks, en el \u00d3valo Aguascalientes M\u00e9xico con Federico Guti\u00e9rrez consiguiendo su primer triunfo en la categor\u00eda durante la segunda visita del a\u00f1o por parte de NASCAR PEAK M\u00e9xico Series a tierras hidroc\u00e1lidas.<\/p>\n<p style=\"font-weight: 400;\">La afici\u00f3n se hizo presente en las instalaciones del \u00f3valo hidroc\u00e1lido para ser testigo de una batalla interesante en la pista de 1.4 kil\u00f3metros de longitud, con las tribunas permitiendo un aforo del 60% de su capacidad y el campeonato de desarrollo m\u00e1s importante de nuestro pa\u00eds poniendo el espect\u00e1culo.<\/p>\n<p style=\"font-weight: 400;\">En punto de las 12 del mediod\u00eda de este domingo, la bandera verde que indicaba el arranque de la 8va fecha del a\u00f1o, ondeaba con Juan Carlos Torres encabezando una parrilla de 15 camionetas, para ser desplazado gracias a un estupendo arranque de quien lleg\u00f3 como l\u00edder del campeonato, Jorge de la Parra. Este tomar\u00eda la punta hasta el giro 30 cuando su m\u00e1s cercano rival por el t\u00edtulo, Giancarlo Vecchi se pon\u00eda primero con la 57, hecho que le dur\u00f3 muy poco, pues apenas 2 giros despu\u00e9s Federico Guti\u00e9rrez intercambiaba posici\u00f3n para llevarse el \u201cStage\u201d transcurridos 20 minutos de competencia.<\/p>\n<p style=\"font-weight: 400;\">La bandera amarilla encadenada era aprovechada por los equipos para hacer su parada obligatoria a cambio de neum\u00e1ticos, saliendo Vecchi como puntero, seguido de Colombres con la 64, Federico con la 23 y Jorge de la Parra queriendo remontar con la 29.<\/p>\n<p style=\"font-weight: 400;\">Apenas dos vueltas m\u00e1s tarde aparec\u00eda la tercera amarilla de la carrera, reiniciando en el giro 48 con Vecchi aferr\u00e1ndose al primer sitio y una dura batalla detr\u00e1s de \u00e9l entre Nico Rivas, Juan A. Reyes que regres\u00f3 tras varias fechas de ausencia y De la Parra en una buena remontada.<\/p>\n<p style=\"font-weight: 400;\">Ya en la vuelta 59 el regreso de la 29 de Jorge de la Parra comenzaba a surtir efecto, poni\u00e9ndose a tiro de piedra del l\u00edder Vecchi, para en la vuelta 63 recuperarlo por muy poco, pues un error le devolv\u00eda a la 57 el puesto.<\/p>\n<p style=\"font-weight: 400;\">Eran en la vuelta 71 cuando Federico Guti\u00e9rrez tomaba el primer escal\u00f3n por segunda ocasi\u00f3n en la carrera, seguido por Diego Ort\u00edz, Vecchi y De La Parra, haciendo visible su pelea por los puntos, cuando en la 75 ven\u00eda un nuevo cambio al frente con Ort\u00edz haci\u00e9ndose del sitio 1.<\/p>\n<p style=\"font-weight: 400;\">A solo 6 giros del final llegaba una nueva bandera amarilla, mandando todo a bandera verde, blanca y cuadros, 3 emocionantes vueltas en las que Federico Guti\u00e9rrez consegu\u00eda su primer triunfo del a\u00f1o, adem\u00e1s de ser el primero en la categor\u00eda, seguido por Rodrigo de Colombres y Jorge de la Parra sumando puntos valiosos pensando en el t\u00edtulo. Diego Ort\u00edz, Giancarlo Vecchi, Nico Rivas, Alonso Salinas, Juan Carlos Torres, Gerardo Nieto y Valeria Aranda completaban el Top-10.<\/p>\n<p style=\"font-weight: 400;\">Octubre 23 y 24 es la fecha marcada para el regreso de la FB y BOHN Mikel\u2019s Trucks, a San Luis Potos\u00ed junto a NASCAR PEAK M\u00e9xico Series para celebrar su novena carrera de la temporada en el S\u00faper \u00d3valo Potosino.<\/p>\n","protected":false},"excerpt":{"rendered":"<p>#informativoelvalledeaguascalientes #novaradioaguascalientes &nbsp; Tal y como ocurriera en la primera fecha de Aguascalientes, Rub\u00e9n Garc\u00eda Jr. y Alex de Alba Jr. de Canel\u00b4s-Logitech, se impusieron en la octava fecha de NASCAR Peak M\u00e9xico Series presentado por Telcel tanto en la categor\u00eda Peak como en la Challenge. El dueto del equipo potosino se vio invencible y [&hellip;]<\/p>\n","protected":false},"author":1,"featured_media":23813,"comment_status":"closed","ping_status":"open","sticky":false,"template":"","format":"standard","meta":{"advanced_seo_description":"","jetpack_seo_html_title":"","jetpack_seo_noindex":false,"_jetpack_memberships_contains_paid_content":false,"footnotes":"","jetpack_publicize_message":"","jetpack_publicize_feature_enabled":true,"jetpack_social_post_already_shared":true,"jetpack_social_options":{"image_generator_settings":{"template":"highway","default_image_id":0,"font":"","enabled":false},"version":2}},"categories":[21,19],"tags":[22,483],"class_list":["post-23812","post","type-post","status-publish","format-standard","has-post-thumbnail","hentry","category-aguascalientes","category-informacion-general","tag-aguascalientes","tag-nascar-peak-mexico-series-2021"],"jetpack_publicize_connections":[],"jetpack_featured_media_url":"https:\/\/i0.wp.com\/informativoelvalledeaguascalientes.online\/wp-content\/uploads\/2021\/10\/nascar_10112021.jpg?fit=852%2C568&ssl=1","jetpack-related-posts":[],"jetpack_sharing_enabled":true,"jetpack_likes_enabled":true,"_links":{"self":[{"href":"https:\/\/informativoelvalledeaguascalientes.online\/index.php?rest_route=\/wp\/v2\/posts\/23812","targetHints":{"allow":["GET"]}}],"collection":[{"href":"https:\/\/informativoelvalledeaguascalientes.online\/index.php?rest_route=\/wp\/v2\/posts"}],"about":[{"href":"https:\/\/informativoelvalledeaguascalientes.online\/index.php?rest_route=\/wp\/v2\/types\/post"}],"author":[{"embeddable":true,"href":"https:\/\/informativoelvalledeaguascalientes.online\/index.php?rest_route=\/wp\/v2\/users\/1"}],"replies":[{"embeddable":true,"href":"https:\/\/informativoelvalledeaguascalientes.online\/index.php?rest_route=%2Fwp%2Fv2%2Fcomments&post=23812"}],"version-history":[{"count":3,"href":"https:\/\/informativoelvalledeaguascalientes.online\/index.php?rest_route=\/wp\/v2\/posts\/23812\/revisions"}],"predecessor-version":[{"id":23816,"href":"https:\/\/informativoelvalledeaguascalientes.online\/index.php?rest_route=\/wp\/v2\/posts\/23812\/revisions\/23816"}],"wp:featuredmedia":[{"embeddable":true,"href":"https:\/\/informativoelvalledeaguascalientes.online\/index.php?rest_route=\/wp\/v2\/media\/23813"}],"wp:attachment":[{"href":"https:\/\/informativoelvalledeaguascalientes.online\/index.php?rest_route=%2Fwp%2Fv2%2Fmedia&parent=23812"}],"wp:term":[{"taxonomy":"category","embeddable":true,"href":"https:\/\/informativoelvalledeaguascalientes.online\/index.php?rest_route=%2Fwp%2Fv2%2Fcategories&post=23812"},{"taxonomy":"post_tag","embeddable":true,"href":"https:\/\/informativoelvalledeaguascalientes.online\/index.php?rest_route=%2Fwp%2Fv2%2Ftags&post=23812"}],"curies":[{"name":"wp","href":"https:\/\/api.w.org\/{rel}","templated":true}]}}