{"id":23602,"date":"2021-10-04T19:09:29","date_gmt":"2021-10-05T01:09:29","guid":{"rendered":"https:\/\/informativoelvalledeaguascalientes.online\/?p=23602"},"modified":"2021-10-04T19:09:29","modified_gmt":"2021-10-05T01:09:29","slug":"atienden-sedeso-y-proteccion-civil-estatal-a-21-familias-afectadas-tras-las-lluvias-en-ojo-de-agua-de-crucitas","status":"publish","type":"post","link":"https:\/\/informativoelvalledeaguascalientes.online\/?p=23602","title":{"rendered":"ATIENDEN SEDESO Y PROTECCI\u00d3N CIVIL ESTATAL A 21 FAMILIAS AFECTADAS TRAS LAS LLUVIAS EN OJO DE AGUA DE CRUCITAS"},"content":{"rendered":"<p style=\"font-weight: 400;\">#informativoelvalledeaguascalientes , #novaradioaguascalientes<\/p>\n<ul>\n<li style=\"font-weight: 400;\"><strong><em>Sedeso entreg\u00f3 cerca de 100 apoyos entre colchones, despensas y cobijas a familias que habitan las 21 viviendas afectadas<\/em><\/strong><\/li>\n<li style=\"font-weight: 400;\"><strong><em>Protecci\u00f3n Civil Estatal apoy\u00f3 con acciones de desazolve y limpieza en los domicilios anegados adem\u00e1s de activar refugio temporal para 12 personas<\/em><\/strong><\/li>\n<\/ul>\n<p style=\"font-weight: 400;\"><strong><em>\u00a0<\/em><\/strong><\/p>\n<p style=\"font-weight: 400;\">Luego de las lluvias registradas la tarde de este viernes en la comunidad Ojo de Agua de Crucitas en el municipio de El Llano, el secretario de Desarrollo Social, Humberto Montero de Alba, y el coordinador estatal de Protecci\u00f3n Civil, H\u00e9ctor Reyes Hern\u00e1ndez, acudieron al lugar para dar atenci\u00f3n a 21 familias que resultaron afectadas en sus viviendas, cuyos da\u00f1os solo fueron materiales, manteni\u00e9ndose en buen estado la integridad f\u00edsica de las personas.<\/p>\n<p style=\"font-weight: 400;\">\n<p style=\"font-weight: 400;\">De esta forma, el Gobierno del Estado de Aguascalientes a trav\u00e9s de la Secretar\u00eda de Desarrollo Social, entreg\u00f3 a las 21 familias cerca de 100 apoyos entre colchones, cobijas y despensas, a la par que se levant\u00f3 un censo para registrar las necesidades m\u00e1s inmediatas para rehabilitar sus viviendas, por lo que en breve la dependencia les entregar\u00e1 cemento, l\u00e1minas e impermeabilizante.<\/p>\n<p style=\"font-weight: 400;\">\n<p style=\"font-weight: 400;\">Por parte de la Coordinaci\u00f3n Estatal de Protecci\u00f3n Civil, elementos realizaron acciones de desazolve y limpieza en los 21 domicilios m\u00e1s afectados y que presentaron anegaci\u00f3n, adem\u00e1s de activar el refugio temporal habilitado en la escuela primaria Guadalupe Victoria de la referida comunidad, y apoyar con el traslado de 12 personas en donde recibieron alimentos calientes, agua, servicios sanitarios y un lugar seguro para pernoctar, bajo todas las medidas de sanidad y preventivas.<\/p>\n","protected":false},"excerpt":{"rendered":"<p>#informativoelvalledeaguascalientes , #novaradioaguascalientes Sedeso entreg\u00f3 cerca de 100 apoyos entre colchones, despensas y cobijas a familias que habitan las 21 viviendas afectadas Protecci\u00f3n Civil Estatal apoy\u00f3 con acciones de desazolve y limpieza en los domicilios anegados adem\u00e1s de activar refugio temporal para 12 personas \u00a0 Luego de las lluvias registradas la tarde de este viernes [&hellip;]<\/p>\n","protected":false},"author":1,"featured_media":23603,"comment_status":"closed","ping_status":"open","sticky":false,"template":"","format":"standard","meta":{"advanced_seo_description":"","jetpack_seo_html_title":"","jetpack_seo_noindex":false,"_jetpack_memberships_contains_paid_content":false,"footnotes":"","jetpack_publicize_message":"","jetpack_publicize_feature_enabled":true,"jetpack_social_post_already_shared":true,"jetpack_social_options":{"image_generator_settings":{"template":"highway","default_image_id":0,"font":"","enabled":false},"version":2}},"categories":[21,4],"tags":[22,466,24,51],"class_list":["post-23602","post","type-post","status-publish","format-standard","has-post-thumbnail","hentry","category-aguascalientes","category-gobierno-del-estado-aguascalientes","tag-aguascalientes","tag-coordinacion-estatal-de-proteccion-civil","tag-sedeso","tag-seggob"],"jetpack_publicize_connections":[],"jetpack_featured_media_url":"https:\/\/i0.wp.com\/informativoelvalledeaguascalientes.online\/wp-content\/uploads\/2021\/10\/WhatsApp-Image-2021-10-02-at-3.05.27-PM-1.jpeg?fit=1280%2C853&ssl=1","jetpack-related-posts":[],"jetpack_sharing_enabled":true,"jetpack_likes_enabled":true,"_links":{"self":[{"href":"https:\/\/informativoelvalledeaguascalientes.online\/index.php?rest_route=\/wp\/v2\/posts\/23602","targetHints":{"allow":["GET"]}}],"collection":[{"href":"https:\/\/informativoelvalledeaguascalientes.online\/index.php?rest_route=\/wp\/v2\/posts"}],"about":[{"href":"https:\/\/informativoelvalledeaguascalientes.online\/index.php?rest_route=\/wp\/v2\/types\/post"}],"author":[{"embeddable":true,"href":"https:\/\/informativoelvalledeaguascalientes.online\/index.php?rest_route=\/wp\/v2\/users\/1"}],"replies":[{"embeddable":true,"href":"https:\/\/informativoelvalledeaguascalientes.online\/index.php?rest_route=%2Fwp%2Fv2%2Fcomments&post=23602"}],"version-history":[{"count":1,"href":"https:\/\/informativoelvalledeaguascalientes.online\/index.php?rest_route=\/wp\/v2\/posts\/23602\/revisions"}],"predecessor-version":[{"id":23604,"href":"https:\/\/informativoelvalledeaguascalientes.online\/index.php?rest_route=\/wp\/v2\/posts\/23602\/revisions\/23604"}],"wp:featuredmedia":[{"embeddable":true,"href":"https:\/\/informativoelvalledeaguascalientes.online\/index.php?rest_route=\/wp\/v2\/media\/23603"}],"wp:attachment":[{"href":"https:\/\/informativoelvalledeaguascalientes.online\/index.php?rest_route=%2Fwp%2Fv2%2Fmedia&parent=23602"}],"wp:term":[{"taxonomy":"category","embeddable":true,"href":"https:\/\/informativoelvalledeaguascalientes.online\/index.php?rest_route=%2Fwp%2Fv2%2Fcategories&post=23602"},{"taxonomy":"post_tag","embeddable":true,"href":"https:\/\/informativoelvalledeaguascalientes.online\/index.php?rest_route=%2Fwp%2Fv2%2Ftags&post=23602"}],"curies":[{"name":"wp","href":"https:\/\/api.w.org\/{rel}","templated":true}]}}