{"id":23599,"date":"2021-10-04T19:06:19","date_gmt":"2021-10-05T01:06:19","guid":{"rendered":"https:\/\/informativoelvalledeaguascalientes.online\/?p=23599"},"modified":"2021-10-04T19:06:19","modified_gmt":"2021-10-05T01:06:19","slug":"realizara-issea-conferencias-para-capacitar-a-personal-de-salud-sobre-cuidados-paliativos","status":"publish","type":"post","link":"https:\/\/informativoelvalledeaguascalientes.online\/?p=23599","title":{"rendered":"REALIZAR\u00c1 ISSEA CONFERENCIAS PARA CAPACITAR A PERSONAL DE SALUD SOBRE CUIDADOS PALIATIVOS"},"content":{"rendered":"<p dir=\"ltr\">#informativoelvalledeaguascalientes , #novaradioaguascalientes<\/p>\n<p>&nbsp;<\/p>\n<ul>\n<li dir=\"ltr\">\n<p dir=\"ltr\" role=\"presentation\">Del 4 al 9 de octubre, el ISSEA llevar\u00e1 a cabo actividades virtuales en los que se abordar\u00e1n diversos temas<\/p>\n<\/li>\n<li dir=\"ltr\">\n<p dir=\"ltr\" role=\"presentation\">Uno de los objetivos de esta pr\u00f3xima conmemoraci\u00f3n es dar a conocer que los cuidados paliativos son vitales y todo aquel que los requiera tiene un acceso igualitario y equitativo para recibirlos<\/p>\n<\/li>\n<\/ul>\n<p>&nbsp;<\/p>\n<p dir=\"ltr\">Previo a la conmemoraci\u00f3n del D\u00eda Mundial de los Cuidados Paliativos a realizarse el pr\u00f3ximo 9 de octubre, la Secretar\u00eda de Salud de Aguascalientes llevar\u00e1 a cabo diversas actividades para capacitar a personal de salud y concientizar a la poblaci\u00f3n sobre la necesidad de implementar acciones para mejorar la calidad de vida de las personas que padecen enfermedades avanzadas.<\/p>\n<p>&nbsp;<\/p>\n<p dir=\"ltr\">Del 4 al 9 de octubre, el Instituto de Servicios de Salud del Estado de Aguascalientes (ISSEA), a trav\u00e9s de su Programa de Cuidados Paliativos, llevar\u00e1 a cabo conferencias y talleres virtuales en los que se abordar\u00e1n diversos temas dirigidos a capacitar al personal de salud.<\/p>\n<p>&nbsp;<\/p>\n<p dir=\"ltr\">El lunes 4 de octubre, la especialista \u00c1ngeles Mart\u00ednez Arenas presentar\u00e1 el tema \u201cEl derecho humano a los cuidados paliativos\u201d; el martes 5 de octubre la Dra. Er\u00e9ndira Esqueda Cisneros, m\u00e9dico paliativista en San Peregrino C\u00e1ncer Center expondr\u00e1 el tema \u201cModelos de Atenci\u00f3n de Cuidados Paliativos en M\u00e9xico\u201d; el mi\u00e9rcoles 6 de octubre, la encargada de la Cl\u00ednica del Dolor del Hospital General de Zona No. 1 del IMSS, Ramona Romo Cort\u00e9s presentar\u00e1 la conferencia \u201cCuidados paliativos pedi\u00e1tricos\u201d; el jueves 7 de octubre la Mtra. Fabiola Lizeth Ram\u00edrez Ram\u00edrez abordar\u00e1 el tema \u201cAutoimagen y sexualidad del paciente terminal\u201d; y el viernes 8 de octubre, la Dra. Mar\u00eda de Lourdes Avi\u00f1a Montoya abordar\u00e1 el tema \u201cDirectrices anticipadas\u201d.<\/p>\n<p>&nbsp;<\/p>\n<p dir=\"ltr\">A lo largo de la semana tambi\u00e9n se mostrar\u00e1 el avance que se lleva a cabo en Aguascalientes, en el camino a asegurar un acceso equitativo e igualitario al derecho humano de recibir cuidados paliativos.<\/p>\n","protected":false},"excerpt":{"rendered":"<p>#informativoelvalledeaguascalientes , #novaradioaguascalientes &nbsp; Del 4 al 9 de octubre, el ISSEA llevar\u00e1 a cabo actividades virtuales en los que se abordar\u00e1n diversos temas Uno de los objetivos de esta pr\u00f3xima conmemoraci\u00f3n es dar a conocer que los cuidados paliativos son vitales y todo aquel que los requiera tiene un acceso igualitario y equitativo para [&hellip;]<\/p>\n","protected":false},"author":1,"featured_media":23600,"comment_status":"closed","ping_status":"open","sticky":false,"template":"","format":"standard","meta":{"advanced_seo_description":"","jetpack_seo_html_title":"","jetpack_seo_noindex":false,"_jetpack_memberships_contains_paid_content":false,"footnotes":"","jetpack_publicize_message":"","jetpack_publicize_feature_enabled":true,"jetpack_social_post_already_shared":true,"jetpack_social_options":{"image_generator_settings":{"template":"highway","default_image_id":0,"font":"","enabled":false},"version":2}},"categories":[21,4],"tags":[22,30],"class_list":["post-23599","post","type-post","status-publish","format-standard","has-post-thumbnail","hentry","category-aguascalientes","category-gobierno-del-estado-aguascalientes","tag-aguascalientes","tag-issea"],"jetpack_publicize_connections":[],"jetpack_featured_media_url":"https:\/\/i0.wp.com\/informativoelvalledeaguascalientes.online\/wp-content\/uploads\/2021\/10\/WhatsApp-Image-2021-10-01-at-1.52.52-PM.jpeg?fit=1280%2C853&ssl=1","jetpack-related-posts":[],"jetpack_sharing_enabled":true,"jetpack_likes_enabled":true,"_links":{"self":[{"href":"https:\/\/informativoelvalledeaguascalientes.online\/index.php?rest_route=\/wp\/v2\/posts\/23599","targetHints":{"allow":["GET"]}}],"collection":[{"href":"https:\/\/informativoelvalledeaguascalientes.online\/index.php?rest_route=\/wp\/v2\/posts"}],"about":[{"href":"https:\/\/informativoelvalledeaguascalientes.online\/index.php?rest_route=\/wp\/v2\/types\/post"}],"author":[{"embeddable":true,"href":"https:\/\/informativoelvalledeaguascalientes.online\/index.php?rest_route=\/wp\/v2\/users\/1"}],"replies":[{"embeddable":true,"href":"https:\/\/informativoelvalledeaguascalientes.online\/index.php?rest_route=%2Fwp%2Fv2%2Fcomments&post=23599"}],"version-history":[{"count":1,"href":"https:\/\/informativoelvalledeaguascalientes.online\/index.php?rest_route=\/wp\/v2\/posts\/23599\/revisions"}],"predecessor-version":[{"id":23601,"href":"https:\/\/informativoelvalledeaguascalientes.online\/index.php?rest_route=\/wp\/v2\/posts\/23599\/revisions\/23601"}],"wp:featuredmedia":[{"embeddable":true,"href":"https:\/\/informativoelvalledeaguascalientes.online\/index.php?rest_route=\/wp\/v2\/media\/23600"}],"wp:attachment":[{"href":"https:\/\/informativoelvalledeaguascalientes.online\/index.php?rest_route=%2Fwp%2Fv2%2Fmedia&parent=23599"}],"wp:term":[{"taxonomy":"category","embeddable":true,"href":"https:\/\/informativoelvalledeaguascalientes.online\/index.php?rest_route=%2Fwp%2Fv2%2Fcategories&post=23599"},{"taxonomy":"post_tag","embeddable":true,"href":"https:\/\/informativoelvalledeaguascalientes.online\/index.php?rest_route=%2Fwp%2Fv2%2Ftags&post=23599"}],"curies":[{"name":"wp","href":"https:\/\/api.w.org\/{rel}","templated":true}]}}