{"id":23587,"date":"2021-10-04T18:53:19","date_gmt":"2021-10-05T00:53:19","guid":{"rendered":"https:\/\/informativoelvalledeaguascalientes.online\/?p=23587"},"modified":"2021-10-04T18:53:19","modified_gmt":"2021-10-05T00:53:19","slug":"iam-e-issea-concluyen-la-capacitacion-de-actualizacion-del-protocolo-de-atencion-a-mujeres-en-situacion-de-violencia","status":"publish","type":"post","link":"https:\/\/informativoelvalledeaguascalientes.online\/?p=23587","title":{"rendered":"IAM E ISSEA CONCLUYEN LA CAPACITACI\u00d3N DE ACTUALIZACI\u00d3N DEL\u00a0 PROTOCOLO DE ATENCI\u00d3N A MUJERES EN SITUACI\u00d3N DE VIOLENCIA"},"content":{"rendered":"<p>#informativoelvalledeaguascalientes , #novaradioaguascalientes<\/p>\n<p dir=\"ltr\">Con la participaci\u00f3n de m\u00e1s de medio centenar de profesionales de las \u00e1reas de psicolog\u00eda del Instituto Aguascalentense de las Mujeres (IAM) y de la Direcci\u00f3n de Salud Mental y Adicciones de la Secretar\u00eda de Salud del estado, concluy\u00f3 con \u00e9xito el taller de 20 horas impartido por la reconocida maestra en Terapia Gestalt, Luz Elena Langle G\u00f3mez.<\/p>\n<p dir=\"ltr\">En la ceremonia de clausura que se llev\u00f3 a cabo en el auditorio del Museo Descubre, la titular del IAM, Edna Garc\u00eda Armer\u00eda y el director de Salud Mental y Adicciones, Francisco Javier Pedroza Cabrera, hicieron entrega de reconocimientos a cada una de las participantes, adem\u00e1s agradecieron la disponibilidad y excelente actitud, por actualizarse en el modelo \u00fanico de atenci\u00f3n a mujeres en situaci\u00f3n de violencia en Aguascalientes.<\/p>\n","protected":false},"excerpt":{"rendered":"<p>#informativoelvalledeaguascalientes , #novaradioaguascalientes Con la participaci\u00f3n de m\u00e1s de medio centenar de profesionales de las \u00e1reas de psicolog\u00eda del Instituto Aguascalentense de las Mujeres (IAM) y de la Direcci\u00f3n de Salud Mental y Adicciones de la Secretar\u00eda de Salud del estado, concluy\u00f3 con \u00e9xito el taller de 20 horas impartido por la reconocida maestra en [&hellip;]<\/p>\n","protected":false},"author":1,"featured_media":23588,"comment_status":"closed","ping_status":"open","sticky":false,"template":"","format":"standard","meta":{"advanced_seo_description":"","jetpack_seo_html_title":"","jetpack_seo_noindex":false,"_jetpack_memberships_contains_paid_content":false,"footnotes":"","jetpack_publicize_message":"","jetpack_publicize_feature_enabled":true,"jetpack_social_post_already_shared":true,"jetpack_social_options":{"image_generator_settings":{"template":"highway","default_image_id":0,"font":"","enabled":false},"version":2}},"categories":[21,4],"tags":[22,57,30],"class_list":["post-23587","post","type-post","status-publish","format-standard","has-post-thumbnail","hentry","category-aguascalientes","category-gobierno-del-estado-aguascalientes","tag-aguascalientes","tag-iam","tag-issea"],"jetpack_publicize_connections":[],"jetpack_featured_media_url":"https:\/\/i0.wp.com\/informativoelvalledeaguascalientes.online\/wp-content\/uploads\/2021\/10\/IAM-1OCT-1.jpg?fit=1800%2C1200&ssl=1","jetpack-related-posts":[],"jetpack_sharing_enabled":true,"jetpack_likes_enabled":true,"_links":{"self":[{"href":"https:\/\/informativoelvalledeaguascalientes.online\/index.php?rest_route=\/wp\/v2\/posts\/23587","targetHints":{"allow":["GET"]}}],"collection":[{"href":"https:\/\/informativoelvalledeaguascalientes.online\/index.php?rest_route=\/wp\/v2\/posts"}],"about":[{"href":"https:\/\/informativoelvalledeaguascalientes.online\/index.php?rest_route=\/wp\/v2\/types\/post"}],"author":[{"embeddable":true,"href":"https:\/\/informativoelvalledeaguascalientes.online\/index.php?rest_route=\/wp\/v2\/users\/1"}],"replies":[{"embeddable":true,"href":"https:\/\/informativoelvalledeaguascalientes.online\/index.php?rest_route=%2Fwp%2Fv2%2Fcomments&post=23587"}],"version-history":[{"count":1,"href":"https:\/\/informativoelvalledeaguascalientes.online\/index.php?rest_route=\/wp\/v2\/posts\/23587\/revisions"}],"predecessor-version":[{"id":23589,"href":"https:\/\/informativoelvalledeaguascalientes.online\/index.php?rest_route=\/wp\/v2\/posts\/23587\/revisions\/23589"}],"wp:featuredmedia":[{"embeddable":true,"href":"https:\/\/informativoelvalledeaguascalientes.online\/index.php?rest_route=\/wp\/v2\/media\/23588"}],"wp:attachment":[{"href":"https:\/\/informativoelvalledeaguascalientes.online\/index.php?rest_route=%2Fwp%2Fv2%2Fmedia&parent=23587"}],"wp:term":[{"taxonomy":"category","embeddable":true,"href":"https:\/\/informativoelvalledeaguascalientes.online\/index.php?rest_route=%2Fwp%2Fv2%2Fcategories&post=23587"},{"taxonomy":"post_tag","embeddable":true,"href":"https:\/\/informativoelvalledeaguascalientes.online\/index.php?rest_route=%2Fwp%2Fv2%2Ftags&post=23587"}],"curies":[{"name":"wp","href":"https:\/\/api.w.org\/{rel}","templated":true}]}}