{"id":23581,"date":"2021-10-04T18:44:44","date_gmt":"2021-10-05T00:44:44","guid":{"rendered":"https:\/\/informativoelvalledeaguascalientes.online\/?p=23581"},"modified":"2021-10-04T18:44:44","modified_gmt":"2021-10-05T00:44:44","slug":"volaris-triplica-su-oferta-en-vuelos-a-ciudad-de-mexico","status":"publish","type":"post","link":"https:\/\/informativoelvalledeaguascalientes.online\/?p=23581","title":{"rendered":"VOLARIS TRIPLICA SU OFERTA EN VUELOS A CIUDAD DE M\u00c9XICO"},"content":{"rendered":"<p dir=\"ltr\">#informativoelvalledeaguascalientes , #novaradioaguascalientes<\/p>\n<ul>\n<li dir=\"ltr\">\n<p dir=\"ltr\" role=\"presentation\">El gobernador Mart\u00edn Orozco se\u00f1al\u00f3 que con esto se permitir\u00e1 la movilizaci\u00f3n de 2 mil 300 pasajeros semanalmente de Ags-CDMX<\/p>\n<\/li>\n<li dir=\"ltr\">\n<p dir=\"ltr\" role=\"presentation\">Para octubre, Aguascalientes tendr\u00e1 un itinerario de vuelos a cinco destinos nacionales y cinco internacionales<\/p>\n<\/li>\n<\/ul>\n<p dir=\"ltr\">Aguascalientes sigue destacando como una entidad din\u00e1mica y con gran flujo econ\u00f3mico, tur\u00edstico y de negocios, se\u00f1al\u00f3 el gobernador Mart\u00edn Orozco Sandoval al anunciar que la empresa Volaris decidi\u00f3 triplicar su oferta de vuelos CDMX-AGS, incrementando de 4 a 13 por semana.<\/p>\n<p dir=\"ltr\">El mandatario dio a conocer que a partir del 15 de noviembre, los vuelos Ciudad de M\u00e9xico-Aguascalientes permitir\u00e1n el traslado de 2 mil 300 pasajeros semanalmente, cuando anteriormente la capacidad total era de cerca de 700.<\/p>\n<p dir=\"ltr\">Orozco Sandoval se\u00f1al\u00f3 que el incremento en la oferta de vuelos se da gracias a la actividad y dinamismo de Aguascalientes, lo cual da certeza y confianza a las empresas del sector para seguir invirtiendo en el estado.<\/p>\n<p dir=\"ltr\">Por otro lado, el gobernador refiri\u00f3 que gracias al esfuerzo conjunto de todos los sectores, Aguascalientes se ha recuperado en materia econ\u00f3mica y tur\u00edstica con gran empuje luego de los meses m\u00e1s complicados de pandemia, por lo que se continuar\u00e1n impulsando eventos para atraer a visitantes de M\u00e9xico y otros pa\u00edses.<\/p>\n<p dir=\"ltr\">La Secretar\u00eda de Turismo del Estado inform\u00f3 que anteriormente se pod\u00eda viajar desde o a la Ciudad de M\u00e9xico 4 d\u00edas a la semana, y con esta ampliaci\u00f3n se tendr\u00e1 disponibilidad de vuelos los 7 d\u00edas de la semana.<\/p>\n<p dir=\"ltr\">Los vuelos horario matutino y vespertino quedar\u00e1n de la siguiente manera:<\/p>\n<div dir=\"ltr\" align=\"left\">\n<table>\n<colgroup>\n<col \/>\n<col \/>\n<col \/>\n<col \/>\n<col \/><\/colgroup>\n<tbody>\n<tr>\n<td>\n<p dir=\"ltr\">D\u00cdAS<\/p>\n<\/td>\n<td>\n<p dir=\"ltr\">DESDE<\/p>\n<\/td>\n<td>\n<p dir=\"ltr\">HACIA<\/p>\n<\/td>\n<td>\n<p dir=\"ltr\">SALIDA<\/p>\n<\/td>\n<td>\n<p dir=\"ltr\">LLEGADA<\/p>\n<\/td>\n<\/tr>\n<tr>\n<td>\n<p dir=\"ltr\">De lunes a domingo<\/p>\n<\/td>\n<td>\n<p dir=\"ltr\">AGU<\/p>\n<\/td>\n<td>\n<p dir=\"ltr\">MEX<\/p>\n<\/td>\n<td>\n<p dir=\"ltr\">08:50<\/p>\n<\/td>\n<td>\n<p dir=\"ltr\">10:06<\/p>\n<\/td>\n<\/tr>\n<tr>\n<td>\n<p dir=\"ltr\">De lunes a viernes y domingo<\/p>\n<\/td>\n<td>\n<p dir=\"ltr\">AGU<\/p>\n<\/td>\n<td>\n<p dir=\"ltr\">MEX<\/p>\n<\/td>\n<td>\n<p dir=\"ltr\">21:00<\/p>\n<\/td>\n<td>\n<p dir=\"ltr\">22:16<\/p>\n<\/td>\n<\/tr>\n<tr>\n<td>\n<p dir=\"ltr\">De lunes a domingo<\/p>\n<\/td>\n<td>\n<p dir=\"ltr\">MEX<\/p>\n<\/td>\n<td>\n<p dir=\"ltr\">AGU<\/p>\n<\/td>\n<td>\n<p dir=\"ltr\">07:09<\/p>\n<\/td>\n<td>\n<p dir=\"ltr\">08:20<\/p>\n<\/td>\n<\/tr>\n<tr>\n<td>\n<p dir=\"ltr\">De lunes a viernes y domingo<\/p>\n<\/td>\n<td>\n<p dir=\"ltr\">MEX<\/p>\n<\/td>\n<td>\n<p dir=\"ltr\">AGU<\/p>\n<\/td>\n<td>\n<p dir=\"ltr\">19:19<\/p>\n<\/td>\n<td>\n<p dir=\"ltr\">20:30<\/p>\n<\/td>\n<\/tr>\n<\/tbody>\n<\/table>\n<\/div>\n<p>&nbsp;<\/p>\n<p dir=\"ltr\">Cabe se\u00f1alar que el itinerario de vuelos de Volaris para el mes de octubre comprende viajes directos desde Aguascalientes a la CDMX, Canc\u00fan, Tijuana, Puerto Vallarta y Monterrey. As\u00ed como internacionales a Los \u00c1ngeles, Chicago, Dallas, Houston y McAllen.<\/p>\n","protected":false},"excerpt":{"rendered":"<p>#informativoelvalledeaguascalientes , #novaradioaguascalientes El gobernador Mart\u00edn Orozco se\u00f1al\u00f3 que con esto se permitir\u00e1 la movilizaci\u00f3n de 2 mil 300 pasajeros semanalmente de Ags-CDMX Para octubre, Aguascalientes tendr\u00e1 un itinerario de vuelos a cinco destinos nacionales y cinco internacionales Aguascalientes sigue destacando como una entidad din\u00e1mica y con gran flujo econ\u00f3mico, tur\u00edstico y de negocios, se\u00f1al\u00f3 [&hellip;]<\/p>\n","protected":false},"author":1,"featured_media":23582,"comment_status":"closed","ping_status":"open","sticky":false,"template":"","format":"standard","meta":{"advanced_seo_description":"","jetpack_seo_html_title":"","jetpack_seo_noindex":false,"_jetpack_memberships_contains_paid_content":false,"footnotes":"","jetpack_publicize_message":"","jetpack_publicize_feature_enabled":true,"jetpack_social_post_already_shared":true,"jetpack_social_options":{"image_generator_settings":{"template":"highway","default_image_id":0,"font":"","enabled":false},"version":2}},"categories":[21,4],"tags":[22,31,34],"class_list":["post-23581","post","type-post","status-publish","format-standard","has-post-thumbnail","hentry","category-aguascalientes","category-gobierno-del-estado-aguascalientes","tag-aguascalientes","tag-mos","tag-sectur"],"jetpack_publicize_connections":[],"jetpack_featured_media_url":"https:\/\/i0.wp.com\/informativoelvalledeaguascalientes.online\/wp-content\/uploads\/2021\/10\/unnamed-30.jpg?fit=1280%2C854&ssl=1","jetpack-related-posts":[],"jetpack_sharing_enabled":true,"jetpack_likes_enabled":true,"_links":{"self":[{"href":"https:\/\/informativoelvalledeaguascalientes.online\/index.php?rest_route=\/wp\/v2\/posts\/23581","targetHints":{"allow":["GET"]}}],"collection":[{"href":"https:\/\/informativoelvalledeaguascalientes.online\/index.php?rest_route=\/wp\/v2\/posts"}],"about":[{"href":"https:\/\/informativoelvalledeaguascalientes.online\/index.php?rest_route=\/wp\/v2\/types\/post"}],"author":[{"embeddable":true,"href":"https:\/\/informativoelvalledeaguascalientes.online\/index.php?rest_route=\/wp\/v2\/users\/1"}],"replies":[{"embeddable":true,"href":"https:\/\/informativoelvalledeaguascalientes.online\/index.php?rest_route=%2Fwp%2Fv2%2Fcomments&post=23581"}],"version-history":[{"count":1,"href":"https:\/\/informativoelvalledeaguascalientes.online\/index.php?rest_route=\/wp\/v2\/posts\/23581\/revisions"}],"predecessor-version":[{"id":23583,"href":"https:\/\/informativoelvalledeaguascalientes.online\/index.php?rest_route=\/wp\/v2\/posts\/23581\/revisions\/23583"}],"wp:featuredmedia":[{"embeddable":true,"href":"https:\/\/informativoelvalledeaguascalientes.online\/index.php?rest_route=\/wp\/v2\/media\/23582"}],"wp:attachment":[{"href":"https:\/\/informativoelvalledeaguascalientes.online\/index.php?rest_route=%2Fwp%2Fv2%2Fmedia&parent=23581"}],"wp:term":[{"taxonomy":"category","embeddable":true,"href":"https:\/\/informativoelvalledeaguascalientes.online\/index.php?rest_route=%2Fwp%2Fv2%2Fcategories&post=23581"},{"taxonomy":"post_tag","embeddable":true,"href":"https:\/\/informativoelvalledeaguascalientes.online\/index.php?rest_route=%2Fwp%2Fv2%2Ftags&post=23581"}],"curies":[{"name":"wp","href":"https:\/\/api.w.org\/{rel}","templated":true}]}}