{"id":23578,"date":"2021-10-04T18:41:41","date_gmt":"2021-10-05T00:41:41","guid":{"rendered":"https:\/\/informativoelvalledeaguascalientes.online\/?p=23578"},"modified":"2021-10-04T18:41:41","modified_gmt":"2021-10-05T00:41:41","slug":"tono-martin-del-campo-acompano-a-mauricio-kuri-en-su-toma-de-protesta-como-gobernador-de-queretaro","status":"publish","type":"post","link":"https:\/\/informativoelvalledeaguascalientes.online\/?p=23578","title":{"rendered":"TO\u00d1O MART\u00cdN DEL CAMPO ACOMPA\u00d1\u00d3 A MAURICIO KURI EN SU TOMA DE PROTESTA COMO GOBERNADOR DE QUER\u00c9TARO"},"content":{"rendered":"<p>#informativoelvalledeaguascalientes , #novaradioaguascalientes<\/p>\n<p>El Senador To\u00f1o Mart\u00edn del Campo asisti\u00f3 a la toma de protesta del Lic. Mauricio Kuri Gonz\u00e1lez como Gobernador Constitucional del Estado de Quer\u00e9taro, con el objetivo de expresar su apoyo, as\u00ed como estrechar y fortalecer los v\u00ednculos que existen con el estado de Aguascalientes.<\/p>\n<p>\u201cMauricio Kuri y yo fuimos compa\u00f1eros en el Senado, desde entonces coincidimos en diversos proyectos y labores en beneficio de nuestro pa\u00eds. Adem\u00e1s, compartimos una visi\u00f3n basada en los valores, la honestidad y el servicio por los dem\u00e1s. Tengo la certeza de que entregar\u00e1 los mejores resultados para Quer\u00e9taro\u201d, se\u00f1al\u00f3 el Senador To\u00f1o Mart\u00edn del Campo.<\/p>\n<p>Finalmente, el Senador felicit\u00f3 al gobernador Mauricio Kuri Gonz\u00e1lez por el inicio de su administraci\u00f3n y le expres\u00f3 el mayor de los \u00e9xitos, con la confianza de que ejercer\u00e1 sus funciones con total responsabilidad, honradez, honorabilidad y eficacia siempre en beneficio de los queretanos<\/p>\n","protected":false},"excerpt":{"rendered":"<p>#informativoelvalledeaguascalientes , #novaradioaguascalientes El Senador To\u00f1o Mart\u00edn del Campo asisti\u00f3 a la toma de protesta del Lic. Mauricio Kuri Gonz\u00e1lez como Gobernador Constitucional del Estado de Quer\u00e9taro, con el objetivo de expresar su apoyo, as\u00ed como estrechar y fortalecer los v\u00ednculos que existen con el estado de Aguascalientes. \u201cMauricio Kuri y yo fuimos compa\u00f1eros en [&hellip;]<\/p>\n","protected":false},"author":1,"featured_media":23579,"comment_status":"closed","ping_status":"open","sticky":false,"template":"","format":"standard","meta":{"advanced_seo_description":"","jetpack_seo_html_title":"","jetpack_seo_noindex":false,"_jetpack_memberships_contains_paid_content":false,"footnotes":"","jetpack_publicize_message":"","jetpack_publicize_feature_enabled":true,"jetpack_social_post_already_shared":true,"jetpack_social_options":{"image_generator_settings":{"template":"highway","default_image_id":0,"font":"","enabled":false},"version":2}},"categories":[21,7],"tags":[22,23,49],"class_list":["post-23578","post","type-post","status-publish","format-standard","has-post-thumbnail","hentry","category-aguascalientes","category-pan-aguascalientes","tag-aguascalientes","tag-pan-aguascalientes","tag-tono-martin-del-campo"],"jetpack_publicize_connections":[],"jetpack_featured_media_url":"https:\/\/i0.wp.com\/informativoelvalledeaguascalientes.online\/wp-content\/uploads\/2021\/10\/Tono-Martin-del-Campo-con-Mauricio-Kuri.jpeg?fit=1387%2C1367&ssl=1","jetpack-related-posts":[],"jetpack_sharing_enabled":true,"jetpack_likes_enabled":true,"_links":{"self":[{"href":"https:\/\/informativoelvalledeaguascalientes.online\/index.php?rest_route=\/wp\/v2\/posts\/23578","targetHints":{"allow":["GET"]}}],"collection":[{"href":"https:\/\/informativoelvalledeaguascalientes.online\/index.php?rest_route=\/wp\/v2\/posts"}],"about":[{"href":"https:\/\/informativoelvalledeaguascalientes.online\/index.php?rest_route=\/wp\/v2\/types\/post"}],"author":[{"embeddable":true,"href":"https:\/\/informativoelvalledeaguascalientes.online\/index.php?rest_route=\/wp\/v2\/users\/1"}],"replies":[{"embeddable":true,"href":"https:\/\/informativoelvalledeaguascalientes.online\/index.php?rest_route=%2Fwp%2Fv2%2Fcomments&post=23578"}],"version-history":[{"count":1,"href":"https:\/\/informativoelvalledeaguascalientes.online\/index.php?rest_route=\/wp\/v2\/posts\/23578\/revisions"}],"predecessor-version":[{"id":23580,"href":"https:\/\/informativoelvalledeaguascalientes.online\/index.php?rest_route=\/wp\/v2\/posts\/23578\/revisions\/23580"}],"wp:featuredmedia":[{"embeddable":true,"href":"https:\/\/informativoelvalledeaguascalientes.online\/index.php?rest_route=\/wp\/v2\/media\/23579"}],"wp:attachment":[{"href":"https:\/\/informativoelvalledeaguascalientes.online\/index.php?rest_route=%2Fwp%2Fv2%2Fmedia&parent=23578"}],"wp:term":[{"taxonomy":"category","embeddable":true,"href":"https:\/\/informativoelvalledeaguascalientes.online\/index.php?rest_route=%2Fwp%2Fv2%2Fcategories&post=23578"},{"taxonomy":"post_tag","embeddable":true,"href":"https:\/\/informativoelvalledeaguascalientes.online\/index.php?rest_route=%2Fwp%2Fv2%2Ftags&post=23578"}],"curies":[{"name":"wp","href":"https:\/\/api.w.org\/{rel}","templated":true}]}}