{"id":23575,"date":"2021-10-04T18:35:08","date_gmt":"2021-10-05T00:35:08","guid":{"rendered":"https:\/\/informativoelvalledeaguascalientes.online\/?p=23575"},"modified":"2021-10-04T18:35:08","modified_gmt":"2021-10-05T00:35:08","slug":"jesus-diaz-rubio-y-daniel-romo-urrutia-acuerdan-proceso-de-entrega-recepcion-responsable-y-terso-en-el-municipio-de-calvillo","status":"publish","type":"post","link":"https:\/\/informativoelvalledeaguascalientes.online\/?p=23575","title":{"rendered":"Jes\u00fas D\u00edaz Rubio y Daniel Romo Urrutia acuerdan proceso de entrega-recepci\u00f3n responsable y terso en el municipio de Calvillo"},"content":{"rendered":"<p>#informativoelvalledeaguascalientes , #novaradioaguascalientes<\/p>\n<p>El presidente municipal Jes\u00fas D\u00edaz Rubio y el presidente municipal electo Daniel Romo Urrutia acordaron iniciar el proceso de entrega-recepci\u00f3n de la administraci\u00f3n municipal de Calvillo el pr\u00f3ximo lunes 4 de octubre, en un marco de responsabilidad y apego a la normatividad aplicable.<br \/>\nEl alcalde en funciones Jes\u00fas D\u00edaz inform\u00f3 que los titulares de las dependencias municipales est\u00e1n preparados para de acuerdo al calendario previamente establecido proceder a la entrega de sus \u00e1reas a las personas designadas por el alcalde entrante Daniel Romo. Ser\u00e1 un proceso terso y buscando afectar en lo m\u00ednimo los tr\u00e1mites y servicios que se prestan diariamente a la ciudadan\u00eda, a\u00f1adi\u00f3 D\u00edaz Rubio.<br \/>\nEl alcalde electo Daniel Romo agradeci\u00f3 la apertura y disposici\u00f3n para que los integrantes de las comisiones designadas para recibir las diversas \u00e1reas puedan realizar su trabajo con las facilidades necesarias, lo que agilizar\u00e1 la recepci\u00f3n y permitir\u00e1 al nuevo gobierno mantener un buen ritmo de atenci\u00f3n a la ciudadan\u00eda.<br \/>\nLa Administraci\u00f3n Municipal 2019-2021 concluye el 14 de octubre.<\/p>\n","protected":false},"excerpt":{"rendered":"<p>#informativoelvalledeaguascalientes , #novaradioaguascalientes El presidente municipal Jes\u00fas D\u00edaz Rubio y el presidente municipal electo Daniel Romo Urrutia acordaron iniciar el proceso de entrega-recepci\u00f3n de la administraci\u00f3n municipal de Calvillo el pr\u00f3ximo lunes 4 de octubre, en un marco de responsabilidad y apego a la normatividad aplicable. El alcalde en funciones Jes\u00fas D\u00edaz inform\u00f3 que los [&hellip;]<\/p>\n","protected":false},"author":1,"featured_media":23576,"comment_status":"closed","ping_status":"open","sticky":false,"template":"","format":"standard","meta":{"advanced_seo_description":"","jetpack_seo_html_title":"","jetpack_seo_noindex":false,"_jetpack_memberships_contains_paid_content":false,"footnotes":"","jetpack_publicize_message":"","jetpack_publicize_feature_enabled":true,"jetpack_social_post_already_shared":true,"jetpack_social_options":{"image_generator_settings":{"template":"highway","default_image_id":0,"font":"","enabled":false},"version":2}},"categories":[21,13],"tags":[22,88,29],"class_list":["post-23575","post","type-post","status-publish","format-standard","has-post-thumbnail","hentry","category-aguascalientes","category-calvillo-aguascalientes","tag-aguascalientes","tag-calvillo","tag-calvillo-aguascalientes"],"jetpack_publicize_connections":[],"jetpack_featured_media_url":"https:\/\/i0.wp.com\/informativoelvalledeaguascalientes.online\/wp-content\/uploads\/2021\/10\/00ae24ce-5439-4d5c-a126-51fb70201c5a.jpg?fit=1280%2C853&ssl=1","jetpack-related-posts":[],"jetpack_sharing_enabled":true,"jetpack_likes_enabled":true,"_links":{"self":[{"href":"https:\/\/informativoelvalledeaguascalientes.online\/index.php?rest_route=\/wp\/v2\/posts\/23575","targetHints":{"allow":["GET"]}}],"collection":[{"href":"https:\/\/informativoelvalledeaguascalientes.online\/index.php?rest_route=\/wp\/v2\/posts"}],"about":[{"href":"https:\/\/informativoelvalledeaguascalientes.online\/index.php?rest_route=\/wp\/v2\/types\/post"}],"author":[{"embeddable":true,"href":"https:\/\/informativoelvalledeaguascalientes.online\/index.php?rest_route=\/wp\/v2\/users\/1"}],"replies":[{"embeddable":true,"href":"https:\/\/informativoelvalledeaguascalientes.online\/index.php?rest_route=%2Fwp%2Fv2%2Fcomments&post=23575"}],"version-history":[{"count":1,"href":"https:\/\/informativoelvalledeaguascalientes.online\/index.php?rest_route=\/wp\/v2\/posts\/23575\/revisions"}],"predecessor-version":[{"id":23577,"href":"https:\/\/informativoelvalledeaguascalientes.online\/index.php?rest_route=\/wp\/v2\/posts\/23575\/revisions\/23577"}],"wp:featuredmedia":[{"embeddable":true,"href":"https:\/\/informativoelvalledeaguascalientes.online\/index.php?rest_route=\/wp\/v2\/media\/23576"}],"wp:attachment":[{"href":"https:\/\/informativoelvalledeaguascalientes.online\/index.php?rest_route=%2Fwp%2Fv2%2Fmedia&parent=23575"}],"wp:term":[{"taxonomy":"category","embeddable":true,"href":"https:\/\/informativoelvalledeaguascalientes.online\/index.php?rest_route=%2Fwp%2Fv2%2Fcategories&post=23575"},{"taxonomy":"post_tag","embeddable":true,"href":"https:\/\/informativoelvalledeaguascalientes.online\/index.php?rest_route=%2Fwp%2Fv2%2Ftags&post=23575"}],"curies":[{"name":"wp","href":"https:\/\/api.w.org\/{rel}","templated":true}]}}