{"id":23444,"date":"2021-09-27T18:08:18","date_gmt":"2021-09-28T00:08:18","guid":{"rendered":"https:\/\/informativoelvalledeaguascalientes.online\/?p=23444"},"modified":"2021-09-27T18:08:18","modified_gmt":"2021-09-28T00:08:18","slug":"presentan-a-estudiantes-de-la-universidad-de-las-artes-el-proyecto-del-corredor-tres-centurias","status":"publish","type":"post","link":"https:\/\/informativoelvalledeaguascalientes.online\/?p=23444","title":{"rendered":"PRESENTAN A ESTUDIANTES DE LA UNIVERSIDAD DE LAS ARTES EL PROYECTO DEL CORREDOR TRES CENTURIAS\u00a0"},"content":{"rendered":"<p style=\"font-weight: 400;\">\n<p style=\"font-weight: 400;\"><span style=\"font-weight: 400;\"> #informativoelvalledeaguascalientes , #novaradioaguascalientes<br \/>\n<\/span><\/p>\n<p style=\"font-weight: 400;\"><span style=\"font-weight: 400;\">El titular del Instituto Cultural de Aguascalientes, Carlos Reyes Sahag\u00fan, y autoridades del Gobierno del Estado, sostuvieron una reuni\u00f3n con la comunidad estudiantil de la Universidad de las Artes, con el objetivo de compartirles los objetivos, caracter\u00edsticas y bondades del proyecto del Corredor Tres Centurias.\u00a0<\/span><\/p>\n<p style=\"font-weight: 400;\"><span style=\"font-weight: 400;\">Durante este encuentro, Reyes Sahag\u00fan expuso a las y los alumnos que para el gobernador Mart\u00edn Orozco Sandoval es fundamental socializar este proyecto que est\u00e1 dise\u00f1ado para la sociedad, que prioriza la promoci\u00f3n de actividades art\u00edsticas, educativas y deportivas en un entorno de convivencia familiar.\u00a0<\/span><\/p>\n<p style=\"font-weight: 400;\"><span style=\"font-weight: 400;\">\u00a0<\/span><\/p>\n<p style=\"font-weight: 400;\"><span style=\"font-weight: 400;\">Cabe se\u00f1alar que se explic\u00f3 a detalle este proyecto, se escuch\u00f3 la voz del estudiantado y se le resolvieron sus dudas; adem\u00e1s el titular del ICA garantiz\u00f3 que la Universidad de las Artes continuar\u00e1 siendo un proyecto consolidado de educaci\u00f3n superior para Aguascalientes y la regi\u00f3n, gracias a su calidad educativa.\u00a0<\/span><\/p>\n<p style=\"font-weight: 400;\"><span style=\"font-weight: 400;\">\u00a0<\/span><\/p>\n<p style=\"font-weight: 400;\"><span style=\"font-weight: 400;\">Tambi\u00e9n estuvieron presentes autoridades de la Direcci\u00f3n General de Gobernaci\u00f3n, de la Secretar\u00eda General de Gobierno; as\u00ed como del Instituto de Planeaci\u00f3n del Estado de Aguascalientes (IPLANEA), quienes extendieron la escucha y resoluci\u00f3n de dudas a los estudiantes.\u00a0<\/span><\/p>\n<p style=\"font-weight: 400;\"><span style=\"font-weight: 400;\">\u00a0<\/span><\/p>\n","protected":false},"excerpt":{"rendered":"<p>#informativoelvalledeaguascalientes , #novaradioaguascalientes El titular del Instituto Cultural de Aguascalientes, Carlos Reyes Sahag\u00fan, y autoridades del Gobierno del Estado, sostuvieron una reuni\u00f3n con la comunidad estudiantil de la Universidad de las Artes, con el objetivo de compartirles los objetivos, caracter\u00edsticas y bondades del proyecto del Corredor Tres Centurias.\u00a0 Durante este encuentro, Reyes Sahag\u00fan expuso a [&hellip;]<\/p>\n","protected":false},"author":1,"featured_media":23445,"comment_status":"closed","ping_status":"open","sticky":false,"template":"","format":"standard","meta":{"advanced_seo_description":"","jetpack_seo_html_title":"","jetpack_seo_noindex":false,"_jetpack_memberships_contains_paid_content":false,"footnotes":"","jetpack_publicize_message":"","jetpack_publicize_feature_enabled":true,"jetpack_social_post_already_shared":true,"jetpack_social_options":{"image_generator_settings":{"template":"highway","default_image_id":0,"font":"","enabled":false},"version":2}},"categories":[21,4],"tags":[22,52],"class_list":["post-23444","post","type-post","status-publish","format-standard","has-post-thumbnail","hentry","category-aguascalientes","category-gobierno-del-estado-aguascalientes","tag-aguascalientes","tag-ica"],"jetpack_publicize_connections":[],"jetpack_featured_media_url":"https:\/\/i0.wp.com\/informativoelvalledeaguascalientes.online\/wp-content\/uploads\/2021\/09\/Fotonota-CRS-y-alumnos-de-la-universidad-de-las-artes-1.jpg?fit=1680%2C1120&ssl=1","jetpack-related-posts":[],"jetpack_sharing_enabled":true,"jetpack_likes_enabled":true,"_links":{"self":[{"href":"https:\/\/informativoelvalledeaguascalientes.online\/index.php?rest_route=\/wp\/v2\/posts\/23444","targetHints":{"allow":["GET"]}}],"collection":[{"href":"https:\/\/informativoelvalledeaguascalientes.online\/index.php?rest_route=\/wp\/v2\/posts"}],"about":[{"href":"https:\/\/informativoelvalledeaguascalientes.online\/index.php?rest_route=\/wp\/v2\/types\/post"}],"author":[{"embeddable":true,"href":"https:\/\/informativoelvalledeaguascalientes.online\/index.php?rest_route=\/wp\/v2\/users\/1"}],"replies":[{"embeddable":true,"href":"https:\/\/informativoelvalledeaguascalientes.online\/index.php?rest_route=%2Fwp%2Fv2%2Fcomments&post=23444"}],"version-history":[{"count":1,"href":"https:\/\/informativoelvalledeaguascalientes.online\/index.php?rest_route=\/wp\/v2\/posts\/23444\/revisions"}],"predecessor-version":[{"id":23446,"href":"https:\/\/informativoelvalledeaguascalientes.online\/index.php?rest_route=\/wp\/v2\/posts\/23444\/revisions\/23446"}],"wp:featuredmedia":[{"embeddable":true,"href":"https:\/\/informativoelvalledeaguascalientes.online\/index.php?rest_route=\/wp\/v2\/media\/23445"}],"wp:attachment":[{"href":"https:\/\/informativoelvalledeaguascalientes.online\/index.php?rest_route=%2Fwp%2Fv2%2Fmedia&parent=23444"}],"wp:term":[{"taxonomy":"category","embeddable":true,"href":"https:\/\/informativoelvalledeaguascalientes.online\/index.php?rest_route=%2Fwp%2Fv2%2Fcategories&post=23444"},{"taxonomy":"post_tag","embeddable":true,"href":"https:\/\/informativoelvalledeaguascalientes.online\/index.php?rest_route=%2Fwp%2Fv2%2Ftags&post=23444"}],"curies":[{"name":"wp","href":"https:\/\/api.w.org\/{rel}","templated":true}]}}