{"id":23441,"date":"2021-09-27T18:05:00","date_gmt":"2021-09-28T00:05:00","guid":{"rendered":"https:\/\/informativoelvalledeaguascalientes.online\/?p=23441"},"modified":"2021-09-27T18:05:00","modified_gmt":"2021-09-28T00:05:00","slug":"se-presento-el-programa-del-festival-cultural-de-calaveras-en-su-edicion-2021","status":"publish","type":"post","link":"https:\/\/informativoelvalledeaguascalientes.online\/?p=23441","title":{"rendered":"SE PRESENT\u00d3 EL PROGRAMA DEL FESTIVAL CULTURAL DE CALAVERAS EN SU EDICI\u00d3N 2021"},"content":{"rendered":"<p style=\"font-weight: 400;\">#informativoelvalledeaguascalientes , #novaradioaguascalientes<\/p>\n<p style=\"font-weight: 400;\">\n<ul style=\"font-weight: 400;\">\n<li><strong><em>El festival se llevar\u00e1 a cabo del 29 de octubre al 02 de noviembre, contemplando un gran programa de actividades para toda la familia.<\/em><\/strong><\/li>\n<li><strong><em>Entre las m\u00faltiples actividades que habr\u00e1, destacan los pabellones del Pan, el Gastron\u00f3mico y Comercial, as\u00ed como el corredor Hecho en Aguascalientes.<\/em><\/strong><\/li>\n<li><strong><em>Tambi\u00e9n se contar\u00e1 con actividades infantiles, obras de teatro, el tradicional Desfile de Calavera, entre otros.<\/em><\/strong><\/li>\n<\/ul>\n<p style=\"font-weight: 400;\">\n<p style=\"font-weight: 400;\">El emblem\u00e1tico Museo Jos\u00e9 Guadalupe Posada alberg\u00f3 la presentaci\u00f3n del Festival Cultural de Calaveras 2021, el cual se realizar\u00e1 del 29 de octubre al 02 de noviembre y en esta edici\u00f3n se rendir\u00e1 homenaje al Cine de Oro Mexicano. Para ello se est\u00e1n dise\u00f1ando una gran variedad de actividades para toda la familia, y cerca de un 80%\u00a0 ser\u00e1n totalmente gratuitas y abiertas al p\u00fablico en general.<\/p>\n<p style=\"font-weight: 400;\">\n<p style=\"font-weight: 400;\">Al respecto, el secretario de Turismo del Estado de Aguascalientes, Jorge L\u00f3pez Mart\u00edn, coment\u00f3 que dentro de los principales atractivos de este evento destacan las actividades recreativas para toda la familia, el impulso a las marcas locales con \u201cHecho en Aguascalientes\u201d, pabellones gastron\u00f3mico, diversos concursos, conciertos y el tradicional Desfile de Calaveras, que seguir\u00e1 la misma tem\u00e1tica del festival y se desarrollar\u00e1 en un formato novedoso.<\/p>\n<p style=\"font-weight: 400;\">\n<p style=\"font-weight: 400;\">L\u00f3pez Mart\u00edn coment\u00f3 que esta edici\u00f3n del festival tendr\u00e1 una duraci\u00f3n de 5 d\u00edas y se espera una derrama econ\u00f3mica que supere los 45 millones de pesos, bas\u00e1ndose en el ejercicio de este evento en 2019, adem\u00e1s de contemplar un aforo 40% de la capacidad en todas las actividades.<\/p>\n<p style=\"font-weight: 400;\">\n<p style=\"font-weight: 400;\">Por su parte, Carlos Reyes Sahag\u00fan, director del Instituto Cultural de Aguascalientes (ICA), refiri\u00f3 que en los Foros Posada y Garbancera se presentar\u00e1n espect\u00e1culos y artistas como San Pascualito Rey, Caloncho, Rock en tu Idioma, Comparsa Danzacos, entre otros; y a\u00f1adi\u00f3 que el programa cultural podr\u00e1 ser consultado en las redes sociales del ICA.<\/p>\n<p style=\"font-weight: 400;\">\n<p style=\"font-weight: 400;\">Carlos Reyes Sahag\u00fan, agreg\u00f3 que en el marco de este evento se contar\u00e1 con la participaci\u00f3n de museos y galer\u00edas con exposiciones, adem\u00e1s de los tradicionales altares de muertos, esto con el objetivo de aprovechar y fortalecer la identidad de esta celebraci\u00f3n\u00a0 con el diferenciador de Aguascalientes, como cuna del conocido internacionalmente Festival Cultural de Calaveras.<\/p>\n<p style=\"font-weight: 400;\">\n<p style=\"font-weight: 400;\">Atendiendo a la situaci\u00f3n de la pandemia por COVID-19, el secretario Jorge L\u00f3pez, precis\u00f3 que se seguir\u00e1n todos los protocolos que implementa la Guardia Sanitaria, con el fin de garantizar la salud de todos asistentes al evento.<\/p>\n<p style=\"font-weight: 400;\">\n","protected":false},"excerpt":{"rendered":"<p>#informativoelvalledeaguascalientes , #novaradioaguascalientes El festival se llevar\u00e1 a cabo del 29 de octubre al 02 de noviembre, contemplando un gran programa de actividades para toda la familia. Entre las m\u00faltiples actividades que habr\u00e1, destacan los pabellones del Pan, el Gastron\u00f3mico y Comercial, as\u00ed como el corredor Hecho en Aguascalientes. Tambi\u00e9n se contar\u00e1 con actividades infantiles, [&hellip;]<\/p>\n","protected":false},"author":1,"featured_media":23442,"comment_status":"closed","ping_status":"open","sticky":false,"template":"","format":"standard","meta":{"advanced_seo_description":"","jetpack_seo_html_title":"","jetpack_seo_noindex":false,"_jetpack_memberships_contains_paid_content":false,"footnotes":"","jetpack_publicize_message":"","jetpack_publicize_feature_enabled":true,"jetpack_social_post_already_shared":true,"jetpack_social_options":{"image_generator_settings":{"template":"highway","default_image_id":0,"font":"","enabled":false},"version":2}},"categories":[21,4],"tags":[22,34],"class_list":["post-23441","post","type-post","status-publish","format-standard","has-post-thumbnail","hentry","category-aguascalientes","category-gobierno-del-estado-aguascalientes","tag-aguascalientes","tag-sectur"],"jetpack_publicize_connections":[],"jetpack_featured_media_url":"https:\/\/i0.wp.com\/informativoelvalledeaguascalientes.online\/wp-content\/uploads\/2021\/09\/TUR_3580-2-scaled.jpg?fit=2560%2C1709&ssl=1","jetpack-related-posts":[],"jetpack_sharing_enabled":true,"jetpack_likes_enabled":true,"_links":{"self":[{"href":"https:\/\/informativoelvalledeaguascalientes.online\/index.php?rest_route=\/wp\/v2\/posts\/23441","targetHints":{"allow":["GET"]}}],"collection":[{"href":"https:\/\/informativoelvalledeaguascalientes.online\/index.php?rest_route=\/wp\/v2\/posts"}],"about":[{"href":"https:\/\/informativoelvalledeaguascalientes.online\/index.php?rest_route=\/wp\/v2\/types\/post"}],"author":[{"embeddable":true,"href":"https:\/\/informativoelvalledeaguascalientes.online\/index.php?rest_route=\/wp\/v2\/users\/1"}],"replies":[{"embeddable":true,"href":"https:\/\/informativoelvalledeaguascalientes.online\/index.php?rest_route=%2Fwp%2Fv2%2Fcomments&post=23441"}],"version-history":[{"count":1,"href":"https:\/\/informativoelvalledeaguascalientes.online\/index.php?rest_route=\/wp\/v2\/posts\/23441\/revisions"}],"predecessor-version":[{"id":23443,"href":"https:\/\/informativoelvalledeaguascalientes.online\/index.php?rest_route=\/wp\/v2\/posts\/23441\/revisions\/23443"}],"wp:featuredmedia":[{"embeddable":true,"href":"https:\/\/informativoelvalledeaguascalientes.online\/index.php?rest_route=\/wp\/v2\/media\/23442"}],"wp:attachment":[{"href":"https:\/\/informativoelvalledeaguascalientes.online\/index.php?rest_route=%2Fwp%2Fv2%2Fmedia&parent=23441"}],"wp:term":[{"taxonomy":"category","embeddable":true,"href":"https:\/\/informativoelvalledeaguascalientes.online\/index.php?rest_route=%2Fwp%2Fv2%2Fcategories&post=23441"},{"taxonomy":"post_tag","embeddable":true,"href":"https:\/\/informativoelvalledeaguascalientes.online\/index.php?rest_route=%2Fwp%2Fv2%2Ftags&post=23441"}],"curies":[{"name":"wp","href":"https:\/\/api.w.org\/{rel}","templated":true}]}}