{"id":23435,"date":"2021-09-27T17:58:41","date_gmt":"2021-09-27T23:58:41","guid":{"rendered":"https:\/\/informativoelvalledeaguascalientes.online\/?p=23435"},"modified":"2021-09-27T17:58:41","modified_gmt":"2021-09-27T23:58:41","slug":"hoy-inician-los-trabajos-de-la-semana-nacional-de-transparencia-2021","status":"publish","type":"post","link":"https:\/\/informativoelvalledeaguascalientes.online\/?p=23435","title":{"rendered":"\u00a0HOY INICIAN LOS TRABAJOS DE LA SEMANA NACIONAL DE TRANSPARENCIA 2021"},"content":{"rendered":"<p style=\"font-weight: 400;\">#informativoelvalledeaguascalientes , #novaradioaguascalientes<\/p>\n<ul>\n<li style=\"font-weight: 400;\"><em> Las actividades de la Semana Nacional de Transparencia 2021 iniciar\u00e1n en la Regi\u00f3n Centro-Occidente, en el Palacio de Convenciones de Zacatecas, en Zacatecas, y en la Regi\u00f3n Sureste, en el Auditorio de la Universidad del Caribe, en Quintana Roo<\/em><\/li>\n<li style=\"font-weight: 400;\"><em> El INAI y los \u00f3rganos garantes del SNT invitan a la sociedad a participar en los trabajos a desarrollarse del 27 de septiembre al 1 de octubre<\/em><\/li>\n<\/ul>\n<p style=\"font-weight: 400;\">\n<p style=\"font-weight: 400;\">Este lunes inician los trabajos de la Semana Nacional de Transparencia 2021 \u201cEl valor de la informaci\u00f3n: inclusi\u00f3n e igualdad en la era de la transparencia\u201d, en la Regi\u00f3n Centro-Occidente del Sistema Nacional de Transparencia (SNT), en el Palacio de Convenciones de Zacatecas, en Zacatecas, y en la Regi\u00f3n Sureste, en el Auditorio de la Universidad del Caribe, en Quintana Roo.<\/p>\n<p style=\"font-weight: 400;\">Se dar\u00e1n cita Comisionadas y Comisionados del Instituto Nacional de Transparencia, Acceso a la Informaci\u00f3n y Protecci\u00f3n de Datos Personales (INAI) y de los \u00f3rganos garantes de las entidades federativas, especialistas, autoridades y representantes de la sociedad civil organizada.<\/p>\n<p style=\"font-weight: 400;\">El prop\u00f3sito es analizar y plantear las acciones que se deben implementar para promover la transparencia y el ejercicio de los derechos de acceso a la informaci\u00f3n y de protecci\u00f3n de datos personales entre los grupos en situaci\u00f3n de vulnerabilidad.<\/p>\n<p style=\"font-weight: 400;\">En Zacatecas, el debate se centrar\u00e1 en la situaci\u00f3n que enfrentan la poblaci\u00f3n migrante ante la desigualdad tecnol\u00f3gica digital y los retos para garantizar su derecho a la protecci\u00f3n de datos personales. Los trabajos ser\u00e1n inaugurados por el Gobernador del estado, David Monreal \u00c1vila.<\/p>\n<p style=\"font-weight: 400;\">En Quintana Roo, la discusi\u00f3n estar\u00e1 enfocada en los desaf\u00edos para abatir la desigualdad tecnol\u00f3gica en las comunidades ind\u00edgenas y en el poder que tiene la informaci\u00f3n para mejorar sus condiciones de vida. Las actividades ser\u00e1n inauguradas por el Gobernador del estado, Carlos Manuel Joaqu\u00edn Gonz\u00e1lez.<\/p>\n<p style=\"font-weight: 400;\">Este a\u00f1o, los trabajos de la Semana Nacional de Transparencia son coordinados por la Comisionada Norma Julieta del R\u00edo Venegas y el Comisionado Adri\u00e1n Alcal\u00e1 M\u00e9ndez y se desarrollar\u00e1n del 27 de septiembre al 1 de octubre.<\/p>\n<p style=\"font-weight: 400;\">\u00a0Entre los objetivos, se encuentran detectar, en el \u00e1mbito local, las necesidades y problem\u00e1ticas de grupos en situaci\u00f3n de vulnerabilidad como son personas con discapacidad, pueblos originarios, comunidades ind\u00edgenas y rurales, personas migrantes, mujeres que sufren o han sufrido violencia y la comunidad\u00a0LGBTTTIQ+.<\/p>\n<p style=\"font-weight: 400;\">Asimismo, analizar los problemas sociales que originan la exclusi\u00f3n y desigualdad en el conocimiento y la pr\u00e1ctica de las libertades informativas e identificar nuevas estrategias y \u00e1reas de oportunidad para propiciar la inclusi\u00f3n de los grupos en situaci\u00f3n de vulnerabilidad en la apropiaci\u00f3n de los derechos de acceso a la informaci\u00f3n p\u00fablica y la protecci\u00f3n de datos personales.<\/p>\n<p style=\"font-weight: 400;\">El INAI y los \u00f3rganos garantes del SNT reiteran a las personas la invitaci\u00f3n para participar en las diferentes actividades de la Semana Nacional de Transparencia 2021, registr\u00e1ndose en\u00a0<a href=\"https:\/\/snt.inai.org.mx\/\" data-saferedirecturl=\"https:\/\/www.google.com\/url?q=https:\/\/snt.inai.org.mx\/&amp;source=gmail&amp;ust=1632872571366000&amp;usg=AFQjCNEQ8Lv9hWl_suX5pUO9_RETK-xjVw\">https:\/\/snt.inai.org.mx\/<\/a>.<\/p>\n<p style=\"font-weight: 400;\">El martes 28, en la sede del INAI, se llevar\u00e1 a cabo la Conferencia Magistral \u201cLa brecha digital en la era de la informaci\u00f3n: incluidos y excluidos\u201d, as\u00ed como las mesas \u201cHerramientas para la apropiaci\u00f3n del derecho de acceso a la informaci\u00f3n en grupos vulnerables\u201d y \u201cTransparencia, acceso a la informaci\u00f3n y movimientos sociales\u201d.<\/p>\n<p style=\"font-weight: 400;\">El mi\u00e9rcoles 29, en el INAI, se desarrollar\u00e1n los paneles \u201cL\u00edneas de acci\u00f3n para el resguardo de actas de nacimiento primigenias por reasignaci\u00f3n de nombre, g\u00e9nero y sexo\u201d, \u201cDatos de las personas de la comunidad LGBTTTIQ+ y acceso a la informaci\u00f3n\u201d y \u201cProtecci\u00f3n de datos personales para personas con discapacidad\u201d; adem\u00e1s, la presentaci\u00f3n de la \u201cGu\u00eda para la inclusi\u00f3n de personas con discapacidad al ejercicio de los derechos de acceso a la informaci\u00f3n y de protecci\u00f3n de datos personales\u201d.<\/p>\n<p style=\"font-weight: 400;\">El jueves 30, en la Regi\u00f3n Norte, en el Auditorio de la Universidad Ju\u00e1rez del Estado de Durango, en Durango, se llevar\u00e1n a cabo las mesas \u201cEfectos del rezago informativo de las mujeres\u201d y \u201cTransparencia y violencia de g\u00e9nero\u201d.<\/p>\n<p style=\"font-weight: 400;\">Finalmente, el viernes 1 de octubre, en la Regi\u00f3n Centro, en el Auditorio del \u00d3rgano Superior de Fiscalizaci\u00f3n del Estado de Tlaxcala, en Tlaxcala, tendr\u00e1n lugar las mesas \u201cEl valor de la informaci\u00f3n para los grupos vulnerables\u201d, \u201cEl derecho a saber para los menores en estado de vulnerabilidad\u201d y \u201cEstrategias de inclusi\u00f3n para ni\u00f1as, ni\u00f1os y adolescentes en situaci\u00f3n de vulnerabilidad\u201d.<\/p>\n","protected":false},"excerpt":{"rendered":"<p>#informativoelvalledeaguascalientes , #novaradioaguascalientes Las actividades de la Semana Nacional de Transparencia 2021 iniciar\u00e1n en la Regi\u00f3n Centro-Occidente, en el Palacio de Convenciones de Zacatecas, en Zacatecas, y en la Regi\u00f3n Sureste, en el Auditorio de la Universidad del Caribe, en Quintana Roo El INAI y los \u00f3rganos garantes del SNT invitan a la sociedad a [&hellip;]<\/p>\n","protected":false},"author":1,"featured_media":23437,"comment_status":"closed","ping_status":"open","sticky":false,"template":"","format":"standard","meta":{"advanced_seo_description":"","jetpack_seo_html_title":"","jetpack_seo_noindex":false,"_jetpack_memberships_contains_paid_content":false,"footnotes":"","jetpack_publicize_message":"","jetpack_publicize_feature_enabled":true,"jetpack_social_post_already_shared":true,"jetpack_social_options":{"image_generator_settings":{"template":"highway","default_image_id":0,"font":"","enabled":false},"version":2}},"categories":[21,4],"tags":[22,36],"class_list":["post-23435","post","type-post","status-publish","format-standard","has-post-thumbnail","hentry","category-aguascalientes","category-gobierno-del-estado-aguascalientes","tag-aguascalientes","tag-itea"],"jetpack_publicize_connections":[],"jetpack_featured_media_url":"https:\/\/i0.wp.com\/informativoelvalledeaguascalientes.online\/wp-content\/uploads\/2021\/09\/WhatsApp-Image-2021-09-27-at-9.25.51-AM.jpeg?fit=508%2C261&ssl=1","jetpack-related-posts":[],"jetpack_sharing_enabled":true,"jetpack_likes_enabled":true,"_links":{"self":[{"href":"https:\/\/informativoelvalledeaguascalientes.online\/index.php?rest_route=\/wp\/v2\/posts\/23435","targetHints":{"allow":["GET"]}}],"collection":[{"href":"https:\/\/informativoelvalledeaguascalientes.online\/index.php?rest_route=\/wp\/v2\/posts"}],"about":[{"href":"https:\/\/informativoelvalledeaguascalientes.online\/index.php?rest_route=\/wp\/v2\/types\/post"}],"author":[{"embeddable":true,"href":"https:\/\/informativoelvalledeaguascalientes.online\/index.php?rest_route=\/wp\/v2\/users\/1"}],"replies":[{"embeddable":true,"href":"https:\/\/informativoelvalledeaguascalientes.online\/index.php?rest_route=%2Fwp%2Fv2%2Fcomments&post=23435"}],"version-history":[{"count":1,"href":"https:\/\/informativoelvalledeaguascalientes.online\/index.php?rest_route=\/wp\/v2\/posts\/23435\/revisions"}],"predecessor-version":[{"id":23438,"href":"https:\/\/informativoelvalledeaguascalientes.online\/index.php?rest_route=\/wp\/v2\/posts\/23435\/revisions\/23438"}],"wp:featuredmedia":[{"embeddable":true,"href":"https:\/\/informativoelvalledeaguascalientes.online\/index.php?rest_route=\/wp\/v2\/media\/23437"}],"wp:attachment":[{"href":"https:\/\/informativoelvalledeaguascalientes.online\/index.php?rest_route=%2Fwp%2Fv2%2Fmedia&parent=23435"}],"wp:term":[{"taxonomy":"category","embeddable":true,"href":"https:\/\/informativoelvalledeaguascalientes.online\/index.php?rest_route=%2Fwp%2Fv2%2Fcategories&post=23435"},{"taxonomy":"post_tag","embeddable":true,"href":"https:\/\/informativoelvalledeaguascalientes.online\/index.php?rest_route=%2Fwp%2Fv2%2Ftags&post=23435"}],"curies":[{"name":"wp","href":"https:\/\/api.w.org\/{rel}","templated":true}]}}