{"id":23432,"date":"2021-09-27T17:55:23","date_gmt":"2021-09-27T23:55:23","guid":{"rendered":"https:\/\/informativoelvalledeaguascalientes.online\/?p=23432"},"modified":"2021-09-27T17:55:23","modified_gmt":"2021-09-27T23:55:23","slug":"inicia-cmov-revision-documental-de-taxis","status":"publish","type":"post","link":"https:\/\/informativoelvalledeaguascalientes.online\/?p=23432","title":{"rendered":"INICIA CMOV REVISI\u00d3N DOCUMENTAL DE TAXIS\u00a0\u00a0"},"content":{"rendered":"<p>#informativoelvalledeaguascalientes , #novaradioaguascalientes<\/p>\n<ul>\n<li dir=\"ltr\">\n<p dir=\"ltr\" role=\"presentation\">El coordinador de Movilidad exhorta a titulares a presentarse con los requisitos completos el d\u00eda asignado a su n\u00famero de concesi\u00f3n<\/p>\n<\/li>\n<li dir=\"ltr\">\n<p dir=\"ltr\" role=\"presentation\">El horario de atenci\u00f3n es de 09:00 a 15:00 horas en la oficina m\u00f3vil ubicada en el estacionamiento interior de la CMOV<\/p>\n<\/li>\n<\/ul>\n<p>&nbsp;<\/p>\n<p dir=\"ltr\">Alrededor de 60 titulares de concesi\u00f3n vigente de taxi acudieron durante el primer d\u00eda a la Coordinaci\u00f3n General de Movilidad a realizar la revisi\u00f3n documental obligatoria establecida en la Ley General de Movilidad, inform\u00f3 Ricardo Serrano Rangel, titular de la dependencia.<\/p>\n<p dir=\"ltr\">Al respecto, el coordinador de Movilidad exhort\u00f3 a los due\u00f1os de una concesi\u00f3n a acudir en el d\u00eda asignado para cumplir en tiempo y forma con la obligaci\u00f3n establecida en el Reglamento de la Ley de Movilidad.<\/p>\n<p dir=\"ltr\">Explic\u00f3 que personal de la Direcci\u00f3n General de Transporte P\u00fablico comenz\u00f3 hoy a revisar de la concesi\u00f3n 001 a la 100, de las cuales alrededor del 50 ciento cumplieron con los requisitos obligatorios, mientras que el resto de los concesionarios deber\u00e1n completar la documentaci\u00f3n necesaria para concluir su tr\u00e1mite.<\/p>\n<p dir=\"ltr\">A\u00f1adi\u00f3 que durante la presente semana se prev\u00e9 alcanzar la cifra de hasta 500 concesiones revisadas, ya que se atender\u00e1 ma\u00f1ana martes 28 de septiembre a los n\u00fameros de concesi\u00f3n del 101 al 200, mientras que los d\u00edas 29 y 30 de septiembre y 01 de octubre corresponde presentarse a los n\u00fameros 201 a 300, 301 a 400 y 401 a 500, respectivamente.<\/p>\n<p dir=\"ltr\">Serrano Rangel record\u00f3 que la revisi\u00f3n documental de las unidades de transporte p\u00fablico en la modalidad de veh\u00edculos de alquiler (taxi) no tiene costo y est\u00e1 programada del 27 de septiembre al 13 de diciembre y se calendariza de acuerdo al n\u00famero de concesi\u00f3n.<\/p>\n<p dir=\"ltr\">Finalmente, indic\u00f3 que la revisi\u00f3n es obligatoria y se lleva a cabo en el remolque ubicado en el estacionamiento interior de las oficinas de la Coordinaci\u00f3n General de Movilidad con horario de atenci\u00f3n de las 09:00 horas a las 15:00 horas.<\/p>\n<p>&nbsp;<\/p>\n<p dir=\"ltr\">El calendario completo se podr\u00e1 consultar a trav\u00e9s de las redes sociales de la Coordinaci\u00f3n General de Movilidad o v\u00eda telef\u00f3nica al 449 910 2106 extensi\u00f3n 3611.<\/p>\n","protected":false},"excerpt":{"rendered":"<p>#informativoelvalledeaguascalientes , #novaradioaguascalientes El coordinador de Movilidad exhorta a titulares a presentarse con los requisitos completos el d\u00eda asignado a su n\u00famero de concesi\u00f3n El horario de atenci\u00f3n es de 09:00 a 15:00 horas en la oficina m\u00f3vil ubicada en el estacionamiento interior de la CMOV &nbsp; Alrededor de 60 titulares de concesi\u00f3n vigente de [&hellip;]<\/p>\n","protected":false},"author":1,"featured_media":23433,"comment_status":"closed","ping_status":"open","sticky":false,"template":"","format":"standard","meta":{"advanced_seo_description":"","jetpack_seo_html_title":"","jetpack_seo_noindex":false,"_jetpack_memberships_contains_paid_content":false,"footnotes":"","jetpack_publicize_message":"","jetpack_publicize_feature_enabled":true,"jetpack_social_post_already_shared":true,"jetpack_social_options":{"image_generator_settings":{"template":"highway","default_image_id":0,"font":"","enabled":false},"version":2}},"categories":[21,4],"tags":[22,53],"class_list":["post-23432","post","type-post","status-publish","format-standard","has-post-thumbnail","hentry","category-aguascalientes","category-gobierno-del-estado-aguascalientes","tag-aguascalientes","tag-cmov"],"jetpack_publicize_connections":[],"jetpack_featured_media_url":"https:\/\/i0.wp.com\/informativoelvalledeaguascalientes.online\/wp-content\/uploads\/2021\/09\/BP_168_27092021_INICIA-CMOV-REVISION-DOCUMENTAL-DE-TAXIS-3-scaled.jpg?fit=2560%2C1707&ssl=1","jetpack-related-posts":[],"jetpack_sharing_enabled":true,"jetpack_likes_enabled":true,"_links":{"self":[{"href":"https:\/\/informativoelvalledeaguascalientes.online\/index.php?rest_route=\/wp\/v2\/posts\/23432","targetHints":{"allow":["GET"]}}],"collection":[{"href":"https:\/\/informativoelvalledeaguascalientes.online\/index.php?rest_route=\/wp\/v2\/posts"}],"about":[{"href":"https:\/\/informativoelvalledeaguascalientes.online\/index.php?rest_route=\/wp\/v2\/types\/post"}],"author":[{"embeddable":true,"href":"https:\/\/informativoelvalledeaguascalientes.online\/index.php?rest_route=\/wp\/v2\/users\/1"}],"replies":[{"embeddable":true,"href":"https:\/\/informativoelvalledeaguascalientes.online\/index.php?rest_route=%2Fwp%2Fv2%2Fcomments&post=23432"}],"version-history":[{"count":1,"href":"https:\/\/informativoelvalledeaguascalientes.online\/index.php?rest_route=\/wp\/v2\/posts\/23432\/revisions"}],"predecessor-version":[{"id":23434,"href":"https:\/\/informativoelvalledeaguascalientes.online\/index.php?rest_route=\/wp\/v2\/posts\/23432\/revisions\/23434"}],"wp:featuredmedia":[{"embeddable":true,"href":"https:\/\/informativoelvalledeaguascalientes.online\/index.php?rest_route=\/wp\/v2\/media\/23433"}],"wp:attachment":[{"href":"https:\/\/informativoelvalledeaguascalientes.online\/index.php?rest_route=%2Fwp%2Fv2%2Fmedia&parent=23432"}],"wp:term":[{"taxonomy":"category","embeddable":true,"href":"https:\/\/informativoelvalledeaguascalientes.online\/index.php?rest_route=%2Fwp%2Fv2%2Fcategories&post=23432"},{"taxonomy":"post_tag","embeddable":true,"href":"https:\/\/informativoelvalledeaguascalientes.online\/index.php?rest_route=%2Fwp%2Fv2%2Ftags&post=23432"}],"curies":[{"name":"wp","href":"https:\/\/api.w.org\/{rel}","templated":true}]}}