{"id":23426,"date":"2021-09-27T17:47:30","date_gmt":"2021-09-27T23:47:30","guid":{"rendered":"https:\/\/informativoelvalledeaguascalientes.online\/?p=23426"},"modified":"2021-09-27T17:47:30","modified_gmt":"2021-09-27T23:47:30","slug":"martin-orozco-y-cluster-industrial-analizan-paquete-economico-y-proyecto-de-reforma-fiscal-2022","status":"publish","type":"post","link":"https:\/\/informativoelvalledeaguascalientes.online\/?p=23426","title":{"rendered":"MART\u00cdN OROZCO Y CL\u00daSTER INDUSTRIAL ANALIZAN PAQUETE ECON\u00d3MICO Y PROYECTO DE REFORMA FISCAL 2022"},"content":{"rendered":"<p dir=\"ltr\">#informativoelvalledeaguascalientes , #novaradioaguascalientes<\/p>\n<p dir=\"ltr\">Con el objetivo de analizar el Paquete Econ\u00f3mico y Proyecto de Reforma Fiscal 2022, el gobernador del estado, Mart\u00edn Orozco Sandoval se reuni\u00f3 con los integrantes del Cl\u00faster Industrial de Aguascalientes (CLIA), encabezados por Pedro Gracia Gonz\u00e1lez.<\/p>\n<p dir=\"ltr\">Durante este evento, en el que tambi\u00e9n asistieron legisladores federales, empresarias, empresarios y funcionarios del gobierno estatal, Orozco Sandoval felicit\u00f3 a CLIA por realizar este tipo de foros que son de utilidad para el intercambio de ideas y el debate; as\u00ed como para emprender acciones conjuntas en beneficio de las familias aguascalentenses.<\/p>\n<p dir=\"ltr\">Como parte de las actividades realizadas, el ex secretario de Hacienda, Ernesto Cordero realiz\u00f3 una presentaci\u00f3n sobre los detalles del Paquete Econ\u00f3mico para 2022, adem\u00e1s destac\u00f3 algunos puntos que hacen a Aguascalientes una entidad fuerte econ\u00f3micamente.<\/p>\n<p dir=\"ltr\">Entre los datos que comparti\u00f3 est\u00e1n que Aguascalientes junto con Quer\u00e9taro, son los estados que presentan mejor situaci\u00f3n hacendaria, obteniendo la calificaci\u00f3n crediticia AAA, siendo la m\u00e1s alta del pa\u00eds.<\/p>\n<p dir=\"ltr\">Adem\u00e1s, mencion\u00f3 la fortaleza recaudatoria de la entidad, as\u00ed como su sostenibilidad de gastos, seguridad del fondo de estabilizaci\u00f3n y niveles de endeudamiento bajos<\/p>\n","protected":false},"excerpt":{"rendered":"<p>#informativoelvalledeaguascalientes , #novaradioaguascalientes Con el objetivo de analizar el Paquete Econ\u00f3mico y Proyecto de Reforma Fiscal 2022, el gobernador del estado, Mart\u00edn Orozco Sandoval se reuni\u00f3 con los integrantes del Cl\u00faster Industrial de Aguascalientes (CLIA), encabezados por Pedro Gracia Gonz\u00e1lez. Durante este evento, en el que tambi\u00e9n asistieron legisladores federales, empresarias, empresarios y funcionarios del [&hellip;]<\/p>\n","protected":false},"author":1,"featured_media":23427,"comment_status":"closed","ping_status":"open","sticky":false,"template":"","format":"standard","meta":{"advanced_seo_description":"","jetpack_seo_html_title":"","jetpack_seo_noindex":false,"_jetpack_memberships_contains_paid_content":false,"footnotes":"","jetpack_publicize_message":"","jetpack_publicize_feature_enabled":true,"jetpack_social_post_already_shared":true,"jetpack_social_options":{"image_generator_settings":{"template":"highway","default_image_id":0,"font":"","enabled":false},"version":2}},"categories":[21,4],"tags":[22,31],"class_list":["post-23426","post","type-post","status-publish","format-standard","has-post-thumbnail","hentry","category-aguascalientes","category-gobierno-del-estado-aguascalientes","tag-aguascalientes","tag-mos"],"jetpack_publicize_connections":[],"jetpack_featured_media_url":"https:\/\/i0.wp.com\/informativoelvalledeaguascalientes.online\/wp-content\/uploads\/2021\/09\/WhatsApp-Image-2021-09-27-at-1.28.49-PM-3.jpeg?fit=1600%2C1147&ssl=1","jetpack-related-posts":[],"jetpack_sharing_enabled":true,"jetpack_likes_enabled":true,"_links":{"self":[{"href":"https:\/\/informativoelvalledeaguascalientes.online\/index.php?rest_route=\/wp\/v2\/posts\/23426","targetHints":{"allow":["GET"]}}],"collection":[{"href":"https:\/\/informativoelvalledeaguascalientes.online\/index.php?rest_route=\/wp\/v2\/posts"}],"about":[{"href":"https:\/\/informativoelvalledeaguascalientes.online\/index.php?rest_route=\/wp\/v2\/types\/post"}],"author":[{"embeddable":true,"href":"https:\/\/informativoelvalledeaguascalientes.online\/index.php?rest_route=\/wp\/v2\/users\/1"}],"replies":[{"embeddable":true,"href":"https:\/\/informativoelvalledeaguascalientes.online\/index.php?rest_route=%2Fwp%2Fv2%2Fcomments&post=23426"}],"version-history":[{"count":1,"href":"https:\/\/informativoelvalledeaguascalientes.online\/index.php?rest_route=\/wp\/v2\/posts\/23426\/revisions"}],"predecessor-version":[{"id":23428,"href":"https:\/\/informativoelvalledeaguascalientes.online\/index.php?rest_route=\/wp\/v2\/posts\/23426\/revisions\/23428"}],"wp:featuredmedia":[{"embeddable":true,"href":"https:\/\/informativoelvalledeaguascalientes.online\/index.php?rest_route=\/wp\/v2\/media\/23427"}],"wp:attachment":[{"href":"https:\/\/informativoelvalledeaguascalientes.online\/index.php?rest_route=%2Fwp%2Fv2%2Fmedia&parent=23426"}],"wp:term":[{"taxonomy":"category","embeddable":true,"href":"https:\/\/informativoelvalledeaguascalientes.online\/index.php?rest_route=%2Fwp%2Fv2%2Fcategories&post=23426"},{"taxonomy":"post_tag","embeddable":true,"href":"https:\/\/informativoelvalledeaguascalientes.online\/index.php?rest_route=%2Fwp%2Fv2%2Ftags&post=23426"}],"curies":[{"name":"wp","href":"https:\/\/api.w.org\/{rel}","templated":true}]}}