{"id":23419,"date":"2021-09-27T17:35:12","date_gmt":"2021-09-27T23:35:12","guid":{"rendered":"https:\/\/informativoelvalledeaguascalientes.online\/?p=23419"},"modified":"2021-09-27T17:35:12","modified_gmt":"2021-09-27T23:35:12","slug":"a-200-anos-de-libertad-soberania-e-independencia-llama-gobernador-a-la-unidad-de-mexico","status":"publish","type":"post","link":"https:\/\/informativoelvalledeaguascalientes.online\/?p=23419","title":{"rendered":"A 200 A\u00d1OS DE LIBERTAD, SOBERAN\u00cdA E INDEPENDENCIA, LLAMA GOBERNADOR A LA UNIDAD DE M\u00c9XICO"},"content":{"rendered":"<p dir=\"ltr\">#informativoelvalledeaguascalientes , #novaradioaguascalientes<\/p>\n<ul>\n<li dir=\"ltr\">\n<p dir=\"ltr\" role=\"presentation\">Seguimos escribiendo la historia de nuestro pa\u00eds, trabajando en unidad para el desarrollo de los sectores sociales: MOS<\/p>\n<\/li>\n<li dir=\"ltr\">\n<p dir=\"ltr\" role=\"presentation\">Fundamental superar las diferencias y afrontar los retos actuales viendo hacia el futuro<\/p>\n<\/li>\n<li dir=\"ltr\">\n<p dir=\"ltr\" role=\"presentation\">Se realiz\u00f3 el acto conmemorativo con motivo del bicentenario de la Consumaci\u00f3n de la Independencia de M\u00e9xico<\/p>\n<\/li>\n<\/ul>\n<p dir=\"ltr\">El gobernador de Aguascalientes Mart\u00edn Orozco Sandoval y el Embajador de Jap\u00f3n en M\u00e9xico, Yasushi Takase, presidieron el acto protocolario para conmemorar los 200 a\u00f1os de la Consumaci\u00f3n de la Independencia de M\u00e9xico, en un evento realizado en el centro de la ciudad capital.<\/p>\n<p dir=\"ltr\">Durante su mensaje, el mandatario estatal record\u00f3 que el camino que nos ha llevado a construir el M\u00e9xico del presente, ha estado marcado por retos y momentos dif\u00edciles que se han enfrentado con solidaridad, fuerza y unidad.<\/p>\n<p dir=\"ltr\">Mart\u00edn Orozco destac\u00f3 que como mexicanos y mexicanas, seguimos escribiendo a diario la historia de libertad de esta naci\u00f3n a base de trabajo y esfuerzo para el desarrollo de todos los sectores sociales y productivos de Aguascalientes, mirando siempre hacia el futuro y en beneficio de las familias.<\/p>\n<p dir=\"ltr\">Por este motivo, Orozco Sandoval llam\u00f3 a superar las diferencias para seguir construyendo el pa\u00eds que queremos pensando en las pr\u00f3ximas generaciones.<\/p>\n<p dir=\"ltr\">Durante este evento, el gobernador y el Embajador del pa\u00eds nip\u00f3n encabezaron un homenaje a las mujeres y los hombres que dieron su vida por la libertad M\u00e9xico durante la Guerra de Independencia; adem\u00e1s, como parte de los actos conmemorativos, los asistentes apreciaron una exposici\u00f3n de Bandas de Guerra.<\/p>\n<p dir=\"ltr\">En el acto c\u00edvico estuvieron presentes Ra\u00fal Silva Perezchica, presidente de la mesa directiva del Congreso del Estado; Gabriela Espinosa Castorena, magistrada presidenta del Supremo Tribunal de Justicia; el general Pedro Nieto S\u00e1nchez, Comandante de la XIV Zona Militar; Jes\u00fas Figueroa Ortega, Fiscal General del Estado; Juan Manuel Flores Femat, secretario general de Gobierno; Cecilia L\u00f3pez Ortiz, alcaldesa de Aguascalientes; Porfirio Javier S\u00e1nchez Mendoza, secretario de Seguridad P\u00fablica del Estado; entre otras autoridades.<\/p>\n","protected":false},"excerpt":{"rendered":"<p>#informativoelvalledeaguascalientes , #novaradioaguascalientes Seguimos escribiendo la historia de nuestro pa\u00eds, trabajando en unidad para el desarrollo de los sectores sociales: MOS Fundamental superar las diferencias y afrontar los retos actuales viendo hacia el futuro Se realiz\u00f3 el acto conmemorativo con motivo del bicentenario de la Consumaci\u00f3n de la Independencia de M\u00e9xico El gobernador de Aguascalientes [&hellip;]<\/p>\n","protected":false},"author":1,"featured_media":23420,"comment_status":"closed","ping_status":"open","sticky":false,"template":"","format":"standard","meta":{"advanced_seo_description":"","jetpack_seo_html_title":"","jetpack_seo_noindex":false,"_jetpack_memberships_contains_paid_content":false,"footnotes":"","jetpack_publicize_message":"","jetpack_publicize_feature_enabled":true,"jetpack_social_post_already_shared":true,"jetpack_social_options":{"image_generator_settings":{"template":"highway","default_image_id":0,"font":"","enabled":false},"version":2}},"categories":[21,4],"tags":[22,31,51],"class_list":["post-23419","post","type-post","status-publish","format-standard","has-post-thumbnail","hentry","category-aguascalientes","category-gobierno-del-estado-aguascalientes","tag-aguascalientes","tag-mos","tag-seggob"],"jetpack_publicize_connections":[],"jetpack_featured_media_url":"https:\/\/i0.wp.com\/informativoelvalledeaguascalientes.online\/wp-content\/uploads\/2021\/09\/WhatsApp-Image-2021-09-27-at-12.54.59-PM.jpeg?fit=1280%2C1074&ssl=1","jetpack-related-posts":[],"jetpack_sharing_enabled":true,"jetpack_likes_enabled":true,"_links":{"self":[{"href":"https:\/\/informativoelvalledeaguascalientes.online\/index.php?rest_route=\/wp\/v2\/posts\/23419","targetHints":{"allow":["GET"]}}],"collection":[{"href":"https:\/\/informativoelvalledeaguascalientes.online\/index.php?rest_route=\/wp\/v2\/posts"}],"about":[{"href":"https:\/\/informativoelvalledeaguascalientes.online\/index.php?rest_route=\/wp\/v2\/types\/post"}],"author":[{"embeddable":true,"href":"https:\/\/informativoelvalledeaguascalientes.online\/index.php?rest_route=\/wp\/v2\/users\/1"}],"replies":[{"embeddable":true,"href":"https:\/\/informativoelvalledeaguascalientes.online\/index.php?rest_route=%2Fwp%2Fv2%2Fcomments&post=23419"}],"version-history":[{"count":1,"href":"https:\/\/informativoelvalledeaguascalientes.online\/index.php?rest_route=\/wp\/v2\/posts\/23419\/revisions"}],"predecessor-version":[{"id":23421,"href":"https:\/\/informativoelvalledeaguascalientes.online\/index.php?rest_route=\/wp\/v2\/posts\/23419\/revisions\/23421"}],"wp:featuredmedia":[{"embeddable":true,"href":"https:\/\/informativoelvalledeaguascalientes.online\/index.php?rest_route=\/wp\/v2\/media\/23420"}],"wp:attachment":[{"href":"https:\/\/informativoelvalledeaguascalientes.online\/index.php?rest_route=%2Fwp%2Fv2%2Fmedia&parent=23419"}],"wp:term":[{"taxonomy":"category","embeddable":true,"href":"https:\/\/informativoelvalledeaguascalientes.online\/index.php?rest_route=%2Fwp%2Fv2%2Fcategories&post=23419"},{"taxonomy":"post_tag","embeddable":true,"href":"https:\/\/informativoelvalledeaguascalientes.online\/index.php?rest_route=%2Fwp%2Fv2%2Ftags&post=23419"}],"curies":[{"name":"wp","href":"https:\/\/api.w.org\/{rel}","templated":true}]}}