{"id":23058,"date":"2021-09-13T15:47:02","date_gmt":"2021-09-13T21:47:02","guid":{"rendered":"https:\/\/informativoelvalledeaguascalientes.online\/?p=23058"},"modified":"2021-09-13T15:47:02","modified_gmt":"2021-09-13T21:47:02","slug":"pan-se-declara-listo-para-el-proceso-electoral-y-se-registra-ante-el-iee","status":"publish","type":"post","link":"https:\/\/informativoelvalledeaguascalientes.online\/?p=23058","title":{"rendered":"PAN SE DECLARA LISTO PARA EL PROCESO  ELECTORAL Y SE REGISTRA ANTE EL IEE"},"content":{"rendered":"<p style=\"font-weight: 400;\">\u00a0 #informativoelvalledeaguascalientes , #novaradioaguascalientes<\/p>\n<ul>\n<li style=\"font-weight: 400;\"><strong> Acci\u00f3n Nacional se declara listo para el proceso electoral local 2022.<\/strong><\/li>\n<\/ul>\n<p style=\"font-weight: 400;\"><strong>\u00a0<\/strong><\/p>\n<ul>\n<li style=\"font-weight: 400;\"><strong> El presidente del CDE, Gustavo B\u00e1ez Leos hizo entrega de la carpeta de registro para la contienda.<\/strong><\/li>\n<\/ul>\n<p style=\"font-weight: 400;\"><strong>\u00a0<\/strong><\/p>\n<p style=\"font-weight: 400;\">\u00a0\u00a0 La ma\u00f1ana de hoy lunes se llev\u00f3 a cabo la entrega de la documentaci\u00f3n requerida por el Instituto Estatal Electoral en materia legal para registrar al Partido Acci\u00f3n Nacional para el proceso electoral 2022.<\/p>\n<p style=\"font-weight: 400;\">\n<p style=\"font-weight: 400;\">\u00a0\u00a0\u00a0 El presidente del Comit\u00e9 Directivo Estatal del PAN, Gustavo B\u00e1ez Leos, hizo entrega de la carpeta de registro para contender en el proceso electoral.<\/p>\n<p style=\"font-weight: 400;\">\n<p style=\"font-weight: 400;\">\u00a0\u00a0\u00a0 Por lo anterior y una vez que se cumplieron los lineamientos legales establecidos por el IEE, Acci\u00f3n Nacional se declara listo para el proceso electoral 2022 donde se renovar\u00e1 la gobernatura.<\/p>\n<p style=\"font-weight: 400;\">\n<p style=\"font-weight: 400;\">\u00a0\u00a0 Gustavo B\u00e1ez, agradeci\u00f3 la oportunidad y la apertura del Instituto Estatal Electoral y entreg\u00f3 los documentos para su an\u00e1lisis y revisi\u00f3n, quedando a la espera de la notificaci\u00f3n y validaci\u00f3n del Consejo General de dicho instituto.<\/p>\n<p style=\"font-weight: 400;\">\n<p style=\"font-weight: 400;\">\u00a0\u00a0 \u201cEl Partido Acci\u00f3n Nacional siempre ser\u00e1 respetuoso del C\u00f3digo Electoral y siempre estar\u00e1 comprometido con presentar los mejores perfiles y planes de gobierno a la sociedad, enfocado en los temas ciudadanos para realizar pol\u00edticas p\u00fablicas que beneficien a las y los aguascalentenses\u201d, manifest\u00f3.<\/p>\n<p style=\"font-weight: 400;\">\n<p style=\"font-weight: 400;\">\u00a0\u00a0\u00a0\u00a0\u00a0\u00a0\u00a0 Al registro tambi\u00e9n acudieron el secretario general adjunto, Alfonso Jurado y el encargado de despacho de la direcci\u00f3n jur\u00eddica del CDE, Aar\u00f3n Gonz\u00e1lez<\/p>\n","protected":false},"excerpt":{"rendered":"<p>\u00a0 #informativoelvalledeaguascalientes , #novaradioaguascalientes Acci\u00f3n Nacional se declara listo para el proceso electoral local 2022. \u00a0 El presidente del CDE, Gustavo B\u00e1ez Leos hizo entrega de la carpeta de registro para la contienda. \u00a0 \u00a0\u00a0 La ma\u00f1ana de hoy lunes se llev\u00f3 a cabo la entrega de la documentaci\u00f3n requerida por el Instituto Estatal Electoral [&hellip;]<\/p>\n","protected":false},"author":1,"featured_media":23059,"comment_status":"closed","ping_status":"open","sticky":false,"template":"","format":"standard","meta":{"_monsterinsights_skip_tracking":false,"advanced_seo_description":"","jetpack_seo_html_title":"","jetpack_seo_noindex":false,"jetpack_seo_schema_type":"","_jetpack_newsletter_access":"","_jetpack_dont_email_post_to_subs":false,"_jetpack_newsletter_tier_id":0,"_jetpack_memberships_contains_paywalled_content":false,"_jetpack_feature_clip_id":0,"_jetpack_memberships_contains_paid_content":false,"footnotes":"","jetpack_publicize_message":"","jetpack_publicize_feature_enabled":true,"jetpack_social_post_already_shared":true,"jetpack_social_options":{"image_generator_settings":{"template":"highway","default_image_id":0,"font":"","enabled":false},"version":2},"jetpack_post_was_ever_published":false},"categories":[21,7],"tags":[22,435,23,43],"class_list":["post-23058","post","type-post","status-publish","format-standard","has-post-thumbnail","hentry","category-aguascalientes","category-pan-aguascalientes","tag-aguascalientes","tag-iee","tag-pan-aguascalientes","tag-pan-aguascalientes-cde"],"jetpack_publicize_connections":[],"jetpack_featured_media_url":"https:\/\/i0.wp.com\/informativoelvalledeaguascalientes.online\/wp-content\/uploads\/2021\/09\/WhatsApp-Image-2021-09-13-at-12.37.02-PM.jpeg?fit=1280%2C888&ssl=1","jetpack-related-posts":[],"jetpack_sharing_enabled":true,"jetpack_likes_enabled":true,"_links":{"self":[{"href":"https:\/\/informativoelvalledeaguascalientes.online\/index.php?rest_route=\/wp\/v2\/posts\/23058","targetHints":{"allow":["GET"]}}],"collection":[{"href":"https:\/\/informativoelvalledeaguascalientes.online\/index.php?rest_route=\/wp\/v2\/posts"}],"about":[{"href":"https:\/\/informativoelvalledeaguascalientes.online\/index.php?rest_route=\/wp\/v2\/types\/post"}],"author":[{"embeddable":true,"href":"https:\/\/informativoelvalledeaguascalientes.online\/index.php?rest_route=\/wp\/v2\/users\/1"}],"replies":[{"embeddable":true,"href":"https:\/\/informativoelvalledeaguascalientes.online\/index.php?rest_route=%2Fwp%2Fv2%2Fcomments&post=23058"}],"version-history":[{"count":1,"href":"https:\/\/informativoelvalledeaguascalientes.online\/index.php?rest_route=\/wp\/v2\/posts\/23058\/revisions"}],"predecessor-version":[{"id":23060,"href":"https:\/\/informativoelvalledeaguascalientes.online\/index.php?rest_route=\/wp\/v2\/posts\/23058\/revisions\/23060"}],"wp:featuredmedia":[{"embeddable":true,"href":"https:\/\/informativoelvalledeaguascalientes.online\/index.php?rest_route=\/wp\/v2\/media\/23059"}],"wp:attachment":[{"href":"https:\/\/informativoelvalledeaguascalientes.online\/index.php?rest_route=%2Fwp%2Fv2%2Fmedia&parent=23058"}],"wp:term":[{"taxonomy":"category","embeddable":true,"href":"https:\/\/informativoelvalledeaguascalientes.online\/index.php?rest_route=%2Fwp%2Fv2%2Fcategories&post=23058"},{"taxonomy":"post_tag","embeddable":true,"href":"https:\/\/informativoelvalledeaguascalientes.online\/index.php?rest_route=%2Fwp%2Fv2%2Ftags&post=23058"}],"curies":[{"name":"wp","href":"https:\/\/api.w.org\/{rel}","templated":true}]}}