{"id":23046,"date":"2021-09-13T13:55:15","date_gmt":"2021-09-13T19:55:15","guid":{"rendered":"https:\/\/informativoelvalledeaguascalientes.online\/?p=23046"},"modified":"2021-09-13T13:55:15","modified_gmt":"2021-09-13T19:55:15","slug":"calvillo-aguascalientes-informa-122","status":"publish","type":"post","link":"https:\/\/informativoelvalledeaguascalientes.online\/?p=23046","title":{"rendered":"Calvillo, Aguascalientes. Informa"},"content":{"rendered":"<p>#informativoelvalledeaguascalientes , #novaradioaguascalientes<\/p>\n<p>\ud83c\udf4b\ud83e\uddd5\ud83c\udffb\ud83d\udc78\ud83c\udffb\ud83e\uddc0\ud83c\udf6c As\u00ed se vive en #Calvillo el Segundo Aniversario del Museo Nacional de Pueblos M\u00e1gicos, con la participaci\u00f3n de P\u00e1tzcuaro, Santa Mar\u00eda del R\u00edo, Jalpa de Canovas, Sombrerete,<br \/>\nTalpa de Allende y<br \/>\nTac\u00e1mbaro, disfruta su magia, gastronom\u00eda, artesan\u00edas y cultura de estos #PueblosM\u00e1gicos.<\/p>\n<p>#TuEresLaMagia<br \/>\n#MUNPUMA<br \/>\n#ViveCalvillo<\/p>\n","protected":false},"excerpt":{"rendered":"<p>#informativoelvalledeaguascalientes , #novaradioaguascalientes \ud83c\udf4b\ud83e\uddd5\ud83c\udffb\ud83d\udc78\ud83c\udffb\ud83e\uddc0\ud83c\udf6c As\u00ed se vive en #Calvillo el Segundo Aniversario del Museo Nacional de Pueblos M\u00e1gicos, con la participaci\u00f3n de P\u00e1tzcuaro, Santa Mar\u00eda del R\u00edo, Jalpa de Canovas, Sombrerete, Talpa de Allende y Tac\u00e1mbaro, disfruta su magia, gastronom\u00eda, artesan\u00edas y cultura de estos #PueblosM\u00e1gicos. #TuEresLaMagia #MUNPUMA #ViveCalvillo<\/p>\n","protected":false},"author":1,"featured_media":23047,"comment_status":"closed","ping_status":"open","sticky":false,"template":"","format":"standard","meta":{"advanced_seo_description":"","jetpack_seo_html_title":"","jetpack_seo_noindex":false,"_jetpack_memberships_contains_paid_content":false,"footnotes":"","jetpack_publicize_message":"","jetpack_publicize_feature_enabled":true,"jetpack_social_post_already_shared":true,"jetpack_social_options":{"image_generator_settings":{"template":"highway","default_image_id":0,"font":"","enabled":false},"version":2}},"categories":[21,13],"tags":[22,88,29],"class_list":["post-23046","post","type-post","status-publish","format-standard","has-post-thumbnail","hentry","category-aguascalientes","category-calvillo-aguascalientes","tag-aguascalientes","tag-calvillo","tag-calvillo-aguascalientes"],"jetpack_publicize_connections":[],"jetpack_featured_media_url":"https:\/\/i0.wp.com\/informativoelvalledeaguascalientes.online\/wp-content\/uploads\/2021\/09\/57d95942-1537-462b-beb9-c058494f0d49.jpg?fit=1080%2C810&ssl=1","jetpack-related-posts":[],"jetpack_sharing_enabled":true,"jetpack_likes_enabled":true,"_links":{"self":[{"href":"https:\/\/informativoelvalledeaguascalientes.online\/index.php?rest_route=\/wp\/v2\/posts\/23046","targetHints":{"allow":["GET"]}}],"collection":[{"href":"https:\/\/informativoelvalledeaguascalientes.online\/index.php?rest_route=\/wp\/v2\/posts"}],"about":[{"href":"https:\/\/informativoelvalledeaguascalientes.online\/index.php?rest_route=\/wp\/v2\/types\/post"}],"author":[{"embeddable":true,"href":"https:\/\/informativoelvalledeaguascalientes.online\/index.php?rest_route=\/wp\/v2\/users\/1"}],"replies":[{"embeddable":true,"href":"https:\/\/informativoelvalledeaguascalientes.online\/index.php?rest_route=%2Fwp%2Fv2%2Fcomments&post=23046"}],"version-history":[{"count":1,"href":"https:\/\/informativoelvalledeaguascalientes.online\/index.php?rest_route=\/wp\/v2\/posts\/23046\/revisions"}],"predecessor-version":[{"id":23048,"href":"https:\/\/informativoelvalledeaguascalientes.online\/index.php?rest_route=\/wp\/v2\/posts\/23046\/revisions\/23048"}],"wp:featuredmedia":[{"embeddable":true,"href":"https:\/\/informativoelvalledeaguascalientes.online\/index.php?rest_route=\/wp\/v2\/media\/23047"}],"wp:attachment":[{"href":"https:\/\/informativoelvalledeaguascalientes.online\/index.php?rest_route=%2Fwp%2Fv2%2Fmedia&parent=23046"}],"wp:term":[{"taxonomy":"category","embeddable":true,"href":"https:\/\/informativoelvalledeaguascalientes.online\/index.php?rest_route=%2Fwp%2Fv2%2Fcategories&post=23046"},{"taxonomy":"post_tag","embeddable":true,"href":"https:\/\/informativoelvalledeaguascalientes.online\/index.php?rest_route=%2Fwp%2Fv2%2Ftags&post=23046"}],"curies":[{"name":"wp","href":"https:\/\/api.w.org\/{rel}","templated":true}]}}