{"id":22946,"date":"2021-09-09T20:07:32","date_gmt":"2021-09-10T02:07:32","guid":{"rendered":"https:\/\/informativoelvalledeaguascalientes.online\/?p=22946"},"modified":"2021-09-09T20:07:32","modified_gmt":"2021-09-10T02:07:32","slug":"diputacion-permanente-convoco-a-un-cuarto-periodo-extraordinario","status":"publish","type":"post","link":"https:\/\/informativoelvalledeaguascalientes.online\/?p=22946","title":{"rendered":"DIPUTACI\u00d3N PERMANENTE CONVOC\u00d3 A UN CUARTO PER\u00cdODO EXTRAORDINARIO"},"content":{"rendered":"<p>&nbsp;<\/p>\n<p><strong> #informativoelvalledeaguascalientes , #novaradioaguascalientes<br \/>\n<\/strong><\/p>\n<ul>\n<li><em>La asamblea se desarrollar\u00e1 ma\u00f1ana viernes 10 de septiembre, a las 12:00 horas, en el Recinto Oficial Soberana Convenci\u00f3n Revolucionaria de Aguascalientes.<\/em><\/li>\n<\/ul>\n<p>&nbsp;<\/p>\n<ul>\n<li><em>Informaron que las y los diputados electos que conformar\u00e1n la LXV Legislatura ya entregaron la documentaci\u00f3n administrativa requerida.<\/em><\/li>\n<\/ul>\n<p>&nbsp;<\/p>\n<ul>\n<li><em>El lunes 13 de septiembre, a las 11:00 horas, en el Recinto Oficial Soberana Convenci\u00f3n Revolucionaria, las y los 27 diputados electos elegir\u00e1n a su mesa directiva.<\/em><\/li>\n<\/ul>\n<p>&nbsp;<\/p>\n<p>Tras un receso decretado a las 10:20 de la ma\u00f1ana, la Diputaci\u00f3n Permanente de la LXIV Legislatura reanud\u00f3 los trabajos a las 16:10 horas; en este sentido, el diputado Jos\u00e9 Manuel Velasco Serna hizo uso del micr\u00f3fono para convocar al Pleno a la realizaci\u00f3n de un cuarto per\u00edodo extraordinario de sesiones, este viernes 10 de septiembre a las 12:00 horas, en el Recinto Oficial Soberana Convenci\u00f3n Revolucionaria de Aguascalientes. De manera previa, se desarrollar\u00e1 una sesi\u00f3n a las 11:00 horas para elegir la mesa directiva que conducir\u00e1 la asamblea.<\/p>\n<p>&nbsp;<\/p>\n<p>Asimismo, la Diputaci\u00f3n Permanente inform\u00f3 que el orden del d\u00eda de este per\u00edodo extraordinario contempla el desahogo de 12 asuntos legislativos, en materia de justicia, transporte p\u00fablico, movilidad, fortalecimiento municipal, entre otras.<\/p>\n<p>&nbsp;<\/p>\n<p>Por otro lado, el primer secretario de la mesa directiva, diputado Alejandro Gonz\u00e1lez D\u00e1vila, dio a conocer el informe de la Secretar\u00eda General del Poder Legislativo, mediante el cual notific\u00f3 que los d\u00edas martes 07 y mi\u00e9rcoles 08 de septiembre, las y los diputados electos que integrar\u00e1n la LXV Legislatura, acudieron a entregar la documentaci\u00f3n administrativa requerida, con el prop\u00f3sito de conformar sus expedientes laborales, como la credencializaci\u00f3n.<\/p>\n<p>&nbsp;<\/p>\n<p>De igual manera, el presidente de la Permanente, Velasco Serna, inform\u00f3 que el pr\u00f3ximo lunes 13 de septiembre, a las 11:00 horas, en el Recinto Oficial Soberana Convenci\u00f3n Revolucionaria, est\u00e1n convocados las y los 27 diputados que integrar\u00e1n la siguiente legislatura, para celebrar la sesi\u00f3n en la que designar\u00e1n, por voto en c\u00e9dula, a la mesa directiva que coordinar\u00e1 el primero per\u00edodo ordinario de sesiones, correspondiente al primero a\u00f1o de ejercicio constitucional.<\/p>\n<p>&nbsp;<\/p>\n<p>&nbsp;<\/p>\n<p>&nbsp;<\/p>\n<p>&nbsp;<\/p>\n<p>Acto seguido, Velasco Serna, clausur\u00f3 los trabajos de la presente sesi\u00f3n a las 16:50 horas.<\/p>\n","protected":false},"excerpt":{"rendered":"<p>&nbsp; #informativoelvalledeaguascalientes , #novaradioaguascalientes La asamblea se desarrollar\u00e1 ma\u00f1ana viernes 10 de septiembre, a las 12:00 horas, en el Recinto Oficial Soberana Convenci\u00f3n Revolucionaria de Aguascalientes. &nbsp; Informaron que las y los diputados electos que conformar\u00e1n la LXV Legislatura ya entregaron la documentaci\u00f3n administrativa requerida. &nbsp; El lunes 13 de septiembre, a las 11:00 horas, [&hellip;]<\/p>\n","protected":false},"author":1,"featured_media":22947,"comment_status":"closed","ping_status":"open","sticky":false,"template":"","format":"standard","meta":{"advanced_seo_description":"","jetpack_seo_html_title":"","jetpack_seo_noindex":false,"_jetpack_memberships_contains_paid_content":false,"footnotes":"","jetpack_publicize_message":"","jetpack_publicize_feature_enabled":true,"jetpack_social_post_already_shared":true,"jetpack_social_options":{"image_generator_settings":{"template":"highway","default_image_id":0,"font":"","enabled":false},"version":2}},"categories":[21,5],"tags":[22,44],"class_list":["post-22946","post","type-post","status-publish","format-standard","has-post-thumbnail","hentry","category-aguascalientes","category-h-congreso-del-estado-aguascalientes","tag-aguascalientes","tag-lxiv-legislatura-aguascalientes"],"jetpack_publicize_connections":[],"jetpack_featured_media_url":"https:\/\/i0.wp.com\/informativoelvalledeaguascalientes.online\/wp-content\/uploads\/2021\/09\/5c371f19-e277-4917-aea8-9486920f93ea.jpg?fit=1600%2C900&ssl=1","jetpack-related-posts":[],"jetpack_sharing_enabled":true,"jetpack_likes_enabled":true,"_links":{"self":[{"href":"https:\/\/informativoelvalledeaguascalientes.online\/index.php?rest_route=\/wp\/v2\/posts\/22946","targetHints":{"allow":["GET"]}}],"collection":[{"href":"https:\/\/informativoelvalledeaguascalientes.online\/index.php?rest_route=\/wp\/v2\/posts"}],"about":[{"href":"https:\/\/informativoelvalledeaguascalientes.online\/index.php?rest_route=\/wp\/v2\/types\/post"}],"author":[{"embeddable":true,"href":"https:\/\/informativoelvalledeaguascalientes.online\/index.php?rest_route=\/wp\/v2\/users\/1"}],"replies":[{"embeddable":true,"href":"https:\/\/informativoelvalledeaguascalientes.online\/index.php?rest_route=%2Fwp%2Fv2%2Fcomments&post=22946"}],"version-history":[{"count":1,"href":"https:\/\/informativoelvalledeaguascalientes.online\/index.php?rest_route=\/wp\/v2\/posts\/22946\/revisions"}],"predecessor-version":[{"id":22948,"href":"https:\/\/informativoelvalledeaguascalientes.online\/index.php?rest_route=\/wp\/v2\/posts\/22946\/revisions\/22948"}],"wp:featuredmedia":[{"embeddable":true,"href":"https:\/\/informativoelvalledeaguascalientes.online\/index.php?rest_route=\/wp\/v2\/media\/22947"}],"wp:attachment":[{"href":"https:\/\/informativoelvalledeaguascalientes.online\/index.php?rest_route=%2Fwp%2Fv2%2Fmedia&parent=22946"}],"wp:term":[{"taxonomy":"category","embeddable":true,"href":"https:\/\/informativoelvalledeaguascalientes.online\/index.php?rest_route=%2Fwp%2Fv2%2Fcategories&post=22946"},{"taxonomy":"post_tag","embeddable":true,"href":"https:\/\/informativoelvalledeaguascalientes.online\/index.php?rest_route=%2Fwp%2Fv2%2Ftags&post=22946"}],"curies":[{"name":"wp","href":"https:\/\/api.w.org\/{rel}","templated":true}]}}