{"id":22943,"date":"2021-09-09T19:36:43","date_gmt":"2021-09-10T01:36:43","guid":{"rendered":"https:\/\/informativoelvalledeaguascalientes.online\/?p=22943"},"modified":"2021-09-09T19:36:43","modified_gmt":"2021-09-10T01:36:43","slug":"la-alcaldesa-cecilia-lopez-tomo-protesta-a-la-vicepresidenta-del-consejo-de-la-ciudad","status":"publish","type":"post","link":"https:\/\/informativoelvalledeaguascalientes.online\/?p=22943","title":{"rendered":"LA ALCALDESA CECILIA L\u00d3PEZ TOM\u00d3 PROTESTA A LA VICEPRESIDENTA DEL CONSEJO DE LA CIUDAD"},"content":{"rendered":"<div class=\"opinion-section opinion-single-cover opinion-indent opinion-overlay\">\n<div class=\"container\">\n<div class=\"section-head row justify-content-center text-center\">\n<div class=\"col-12 col-md-8\">\n<div class=\"section-meta\">#informativoelvalledeaguascalientes , #novaradioaguascalientes<\/div>\n<\/div>\n<\/div>\n<\/div>\n<\/div>\n<div class=\"opinion-section\">\n<div class=\"container\">\n<div class=\"section-content row justify-content-center\">\n<div class=\"col-12 col-lg-8 opinion-order-1\">\n<article class=\"opinion-post opinion-single post-34880 post type-post status-publish format-standard has-post-thumbnail hentry category-participacion-ciudadana tag-consejo-de-la-ciudad tag-participacion-social tag-sesion-ordinaria\">\n<div class=\"entry-content\">\n<p>La tarde de este jueves en sesi\u00f3n ordinaria del Consejo de la Ciudad, encabezada por la alcaldesa\u00a0<strong>Cecilia L\u00f3pez Ortiz<\/strong>\u00a0se renov\u00f3 la Vicepresidencia de este importante \u00f3rgano de participaci\u00f3n social, quedando a cargo de esta encomienda\u00a0<strong>Gloria Mar\u00eda Romo Cuesta,<\/strong>\u00a0prestigiada l\u00edder del sector tur\u00edstico en Aguascalientes.<\/p>\n<p>Despu\u00e9s de tomar la protesta al cargo, la presidenta municipal reconoci\u00f3 a los representantes de la organizaci\u00f3n civil, empresarios y acad\u00e9micos por su inter\u00e9s para seguir fortaleciendo el desarrollo de Aguascalientes.<\/p>\n<p>En este encuentro celebrado en el sal\u00f3n de Cabildo, se conformaron cinco comisiones para la elaboraci\u00f3n del pr\u00f3ximo Plan de Desarrollo Municipal 2021-2024, equipos de trabajo que participar\u00e1n en la conformaci\u00f3n de los proyectos de cada uno de los ejes.<\/p>\n<p><strong>Salvador Alcal\u00e1 Dur\u00e1n<\/strong>, titular del Secretariado de Enlace Ciudadano, inform\u00f3 que en pr\u00f3ximos d\u00edas los consejeros entregar\u00e1n sus propuestas al alcalde electo\u00a0<strong>Leonardo Monta\u00f1ez Castro<\/strong>, para juntos seguir construyendo un municipio m\u00e1s seguro, competitivo, sostenible y sobresaliente.<\/p>\n<\/div>\n<\/article>\n<\/div>\n<\/div>\n<\/div>\n<\/div>\n","protected":false},"excerpt":{"rendered":"<p>#informativoelvalledeaguascalientes , #novaradioaguascalientes La tarde de este jueves en sesi\u00f3n ordinaria del Consejo de la Ciudad, encabezada por la alcaldesa\u00a0Cecilia L\u00f3pez Ortiz\u00a0se renov\u00f3 la Vicepresidencia de este importante \u00f3rgano de participaci\u00f3n social, quedando a cargo de esta encomienda\u00a0Gloria Mar\u00eda Romo Cuesta,\u00a0prestigiada l\u00edder del sector tur\u00edstico en Aguascalientes. Despu\u00e9s de tomar la protesta al cargo, la [&hellip;]<\/p>\n","protected":false},"author":1,"featured_media":22944,"comment_status":"closed","ping_status":"open","sticky":false,"template":"","format":"standard","meta":{"advanced_seo_description":"","jetpack_seo_html_title":"","jetpack_seo_noindex":false,"_jetpack_memberships_contains_paid_content":false,"footnotes":"","jetpack_publicize_message":"","jetpack_publicize_feature_enabled":true,"jetpack_social_post_already_shared":true,"jetpack_social_options":{"image_generator_settings":{"template":"highway","default_image_id":0,"font":"","enabled":false},"version":2}},"categories":[21,3],"tags":[22,25],"class_list":["post-22943","post","type-post","status-publish","format-standard","has-post-thumbnail","hentry","category-aguascalientes","category-municipio-aguascalientes","tag-aguascalientes","tag-mpio-aguascalientes"],"jetpack_publicize_connections":[],"jetpack_featured_media_url":"https:\/\/i0.wp.com\/informativoelvalledeaguascalientes.online\/wp-content\/uploads\/2021\/09\/DSC_1304.jpg?fit=1620%2C1080&ssl=1","jetpack-related-posts":[],"jetpack_sharing_enabled":true,"jetpack_likes_enabled":true,"_links":{"self":[{"href":"https:\/\/informativoelvalledeaguascalientes.online\/index.php?rest_route=\/wp\/v2\/posts\/22943","targetHints":{"allow":["GET"]}}],"collection":[{"href":"https:\/\/informativoelvalledeaguascalientes.online\/index.php?rest_route=\/wp\/v2\/posts"}],"about":[{"href":"https:\/\/informativoelvalledeaguascalientes.online\/index.php?rest_route=\/wp\/v2\/types\/post"}],"author":[{"embeddable":true,"href":"https:\/\/informativoelvalledeaguascalientes.online\/index.php?rest_route=\/wp\/v2\/users\/1"}],"replies":[{"embeddable":true,"href":"https:\/\/informativoelvalledeaguascalientes.online\/index.php?rest_route=%2Fwp%2Fv2%2Fcomments&post=22943"}],"version-history":[{"count":1,"href":"https:\/\/informativoelvalledeaguascalientes.online\/index.php?rest_route=\/wp\/v2\/posts\/22943\/revisions"}],"predecessor-version":[{"id":22945,"href":"https:\/\/informativoelvalledeaguascalientes.online\/index.php?rest_route=\/wp\/v2\/posts\/22943\/revisions\/22945"}],"wp:featuredmedia":[{"embeddable":true,"href":"https:\/\/informativoelvalledeaguascalientes.online\/index.php?rest_route=\/wp\/v2\/media\/22944"}],"wp:attachment":[{"href":"https:\/\/informativoelvalledeaguascalientes.online\/index.php?rest_route=%2Fwp%2Fv2%2Fmedia&parent=22943"}],"wp:term":[{"taxonomy":"category","embeddable":true,"href":"https:\/\/informativoelvalledeaguascalientes.online\/index.php?rest_route=%2Fwp%2Fv2%2Fcategories&post=22943"},{"taxonomy":"post_tag","embeddable":true,"href":"https:\/\/informativoelvalledeaguascalientes.online\/index.php?rest_route=%2Fwp%2Fv2%2Ftags&post=22943"}],"curies":[{"name":"wp","href":"https:\/\/api.w.org\/{rel}","templated":true}]}}