{"id":22905,"date":"2021-09-08T13:56:51","date_gmt":"2021-09-08T19:56:51","guid":{"rendered":"https:\/\/informativoelvalledeaguascalientes.online\/?p=22905"},"modified":"2021-09-08T13:56:51","modified_gmt":"2021-09-08T19:56:51","slug":"vendimias-de-la-ruta-del-vino-logro-una-derrama-economica-de-mas-de-23-millones-de-pesos","status":"publish","type":"post","link":"https:\/\/informativoelvalledeaguascalientes.online\/?p=22905","title":{"rendered":"VENDIMIAS DE LA RUTA DEL VINO LOGR\u00d3 UNA DERRAMA ECON\u00d3MICA DE M\u00c1S DE 23 MILLONES DE PESOS"},"content":{"rendered":"<p><span style=\"font-weight: 400;\">#informativoelvalledeaguascalientes , #novaradioaguascalientes<\/p>\n<p><\/span><\/p>\n<ul>\n<li aria-level=\"1\"><b><i>Los interesados podr\u00e1n visitar todo el a\u00f1o los diferentes puntos que integran este atractivo tur\u00edstico del estado<\/i><\/b><\/li>\n<\/ul>\n<ul>\n<li style=\"font-weight: 400;\" aria-level=\"1\"><b><i>Gobierno del Estado seguir\u00e1 trabajando de la mano con empresarios para consolidar la Ruta del Vino como una arteria angular de la econom\u00eda de Aguascalientes: Jorge L\u00f3pez<\/i><\/b><\/li>\n<\/ul>\n<p>&nbsp;<\/p>\n<p><span style=\"font-weight: 400;\">Jorge L\u00f3pez Mart\u00edn, secretario de Turismo del Estado, dio a conocer ante los medios de comunicaci\u00f3n los resultados de las Vendimias de la Ruta del Vino en su edici\u00f3n 2021, y anunci\u00f3 que gracias a la directriz del gobernador Mart\u00edn Orozco, el trabajo de las dependencias, empresarios y personal dedicado al turismo, este evento fue todo un \u00e9xito.<\/span><\/p>\n<p><span style=\"font-weight: 400;\">Durante los d\u00edas del 2 al 5 de septiembre, con las Vendimias de este reciente producto tur\u00edstico se logr\u00f3 una derrama econ\u00f3mica de m\u00e1s de 23 millones de pesos logrando superar los 16,795,582 millones del 2020, una afluencia total de 20,928 visitantes seg\u00fan muestra de DataTur.<\/span><\/p>\n<p><span style=\"font-weight: 400;\">Con base en cifras y datos que fueron recolectados, interpretados y analizados por Grupo Triple E (Encuestas, Estudios y Evaluaciones) y DataTur, L\u00f3pez Mart\u00edn se\u00f1al\u00f3 que la calificaci\u00f3n general hacia el evento fue de 9.0, sobre una calificaci\u00f3n m\u00e1xima de 10.\u00a0<\/span><\/p>\n<p><span style=\"font-weight: 400;\">Este puntaje se desprende de algunos rubros como las medidas adoptadas contra el\u00a0 covid-19, las cuales son consideradas como buenas obteniendo el 90% de aceptaci\u00f3n; y la experiencia y la estancia en la Ruta del Vino, que en conjunto obtuvieron una calificaci\u00f3n de 92% sobre 100%.\u00a0<\/span><\/p>\n<p><span style=\"font-weight: 400;\">En este mismo sentido, el 98% de los asistentes comentaron que s\u00ed recomendar\u00edan la Ruta del Vino, mientras que el 98.5% dijo que de realizarse el evento en el 2022, podr\u00edan asistir.<\/span><\/p>\n<p><span style=\"font-weight: 400;\">En cuanto al origen de los visitantes, el 68 por ciento corresponde a gente de todo el estado, el 31 por ciento nacionales de Jalisco, CDMX, Guanajuato, Zacatecas y San Luis Potos\u00ed; logrando saldo blanco en materia de seguridad.\u00a0<\/span><\/p>\n<p><span style=\"font-weight: 400;\">Jorge L\u00f3pez Mart\u00edn afirm\u00f3 que la creaci\u00f3n y promoci\u00f3n de la Ruta del Vino ha sido posible desde el pasado 2020, gracias a la disciplina financiera y buen manejo de recursos p\u00fablicos del Gobierno del Estado y empresas privadas.\u00a0<\/span><\/p>\n<p><span style=\"font-weight: 400;\">As\u00ed mismo, invit\u00f3 a los integrantes de los 25 puntos que conforman la Ruta del Vino a mantener actualizados sus programas de actividades, para que resulten atractivos y capten visitantes, particularmente los fines de semana, que es cuando se incrementa la afluencia de personas en esos lugares.<\/span><\/p>\n<p><span style=\"font-weight: 400;\">En este sentido, destac\u00f3 que la Ruta del Vino es un producto tur\u00edstico permanente durante todo el a\u00f1o, mientras que las Vendimias realizadas ya en dos ediciones en septiembre, son un festival que permite hacer difusi\u00f3n e impulso a tal evento.<\/span><\/p>\n<p><span style=\"font-weight: 400;\">El objetivo, dijo Jorge L\u00f3pez, es enriquecer este atractivo y lograr que contribuya a detonar la econom\u00eda y la actividad tur\u00edstica del estado y de los municipios, lo cual indic\u00f3 que sin duda alguna se ver\u00e1 reflejado en una mejor calidad de vida para sus habitantes.<\/span><\/p>\n<p><span style=\"font-weight: 400;\">L\u00f3pez Mart\u00edn, reiter\u00f3 el inter\u00e9s y compromiso que mantiene el Gobierno del Estado con este proyecto, por lo que la Secretar\u00eda de Turismo seguir\u00e1 trabajando de la mano con todos ellos para lograr la consolidaci\u00f3n de la Ruta del Vino como una arteria angular en la econom\u00eda de la entidad.<\/span><\/p>\n","protected":false},"excerpt":{"rendered":"<p>#informativoelvalledeaguascalientes , #novaradioaguascalientes Los interesados podr\u00e1n visitar todo el a\u00f1o los diferentes puntos que integran este atractivo tur\u00edstico del estado Gobierno del Estado seguir\u00e1 trabajando de la mano con empresarios para consolidar la Ruta del Vino como una arteria angular de la econom\u00eda de Aguascalientes: Jorge L\u00f3pez &nbsp; Jorge L\u00f3pez Mart\u00edn, secretario de Turismo del [&hellip;]<\/p>\n","protected":false},"author":1,"featured_media":22906,"comment_status":"closed","ping_status":"open","sticky":false,"template":"","format":"standard","meta":{"advanced_seo_description":"","jetpack_seo_html_title":"","jetpack_seo_noindex":false,"_jetpack_memberships_contains_paid_content":false,"footnotes":"","jetpack_publicize_message":"","jetpack_publicize_feature_enabled":true,"jetpack_social_post_already_shared":true,"jetpack_social_options":{"image_generator_settings":{"template":"highway","default_image_id":0,"font":"","enabled":false},"version":2}},"categories":[21,4],"tags":[22,34],"class_list":["post-22905","post","type-post","status-publish","format-standard","has-post-thumbnail","hentry","category-aguascalientes","category-gobierno-del-estado-aguascalientes","tag-aguascalientes","tag-sectur"],"jetpack_publicize_connections":[],"jetpack_featured_media_url":"https:\/\/i0.wp.com\/informativoelvalledeaguascalientes.online\/wp-content\/uploads\/2021\/09\/WhatsApp-Image-2021-09-05-at-5.22.28-PM.jpeg?fit=1600%2C1066&ssl=1","jetpack-related-posts":[],"jetpack_sharing_enabled":true,"jetpack_likes_enabled":true,"_links":{"self":[{"href":"https:\/\/informativoelvalledeaguascalientes.online\/index.php?rest_route=\/wp\/v2\/posts\/22905","targetHints":{"allow":["GET"]}}],"collection":[{"href":"https:\/\/informativoelvalledeaguascalientes.online\/index.php?rest_route=\/wp\/v2\/posts"}],"about":[{"href":"https:\/\/informativoelvalledeaguascalientes.online\/index.php?rest_route=\/wp\/v2\/types\/post"}],"author":[{"embeddable":true,"href":"https:\/\/informativoelvalledeaguascalientes.online\/index.php?rest_route=\/wp\/v2\/users\/1"}],"replies":[{"embeddable":true,"href":"https:\/\/informativoelvalledeaguascalientes.online\/index.php?rest_route=%2Fwp%2Fv2%2Fcomments&post=22905"}],"version-history":[{"count":1,"href":"https:\/\/informativoelvalledeaguascalientes.online\/index.php?rest_route=\/wp\/v2\/posts\/22905\/revisions"}],"predecessor-version":[{"id":22907,"href":"https:\/\/informativoelvalledeaguascalientes.online\/index.php?rest_route=\/wp\/v2\/posts\/22905\/revisions\/22907"}],"wp:featuredmedia":[{"embeddable":true,"href":"https:\/\/informativoelvalledeaguascalientes.online\/index.php?rest_route=\/wp\/v2\/media\/22906"}],"wp:attachment":[{"href":"https:\/\/informativoelvalledeaguascalientes.online\/index.php?rest_route=%2Fwp%2Fv2%2Fmedia&parent=22905"}],"wp:term":[{"taxonomy":"category","embeddable":true,"href":"https:\/\/informativoelvalledeaguascalientes.online\/index.php?rest_route=%2Fwp%2Fv2%2Fcategories&post=22905"},{"taxonomy":"post_tag","embeddable":true,"href":"https:\/\/informativoelvalledeaguascalientes.online\/index.php?rest_route=%2Fwp%2Fv2%2Ftags&post=22905"}],"curies":[{"name":"wp","href":"https:\/\/api.w.org\/{rel}","templated":true}]}}