{"id":22887,"date":"2021-09-07T20:27:10","date_gmt":"2021-09-08T02:27:10","guid":{"rendered":"https:\/\/informativoelvalledeaguascalientes.online\/?p=22887"},"modified":"2021-09-07T20:27:10","modified_gmt":"2021-09-08T02:27:10","slug":"la-pregunta-debe-ser-elaborada-por-un-comite-tecnico-externo-y-ajeno-a-los-partidos-politicos-tere-jimenez-fija-postura-sobre-la-revocacion-de-mandato","status":"publish","type":"post","link":"https:\/\/informativoelvalledeaguascalientes.online\/?p=22887","title":{"rendered":"\u201cLa pregunta debe ser elaborada por un comit\u00e9 t\u00e9cnico, externo y ajeno a los partidos pol\u00edticos\u201d TERE JIM\u00c9NEZ FIJA POSTURA SOBRE LA REVOCACI\u00d3N DE MANDATO"},"content":{"rendered":"<p>#informativoelvalledeaguascalientes , #novaradioaguascalientes<\/p>\n<p>\u2022 El compromiso del PAN es fortalecer la democracia a trav\u00e9s de la participaci\u00f3n de los ciudadanos en las decisiones del pa\u00eds.<\/p>\n<p>\u2022 Los Legisladores Federales estar\u00e1n atentos para evitar cualquier intento de sesgar los resultados con una pregunta tendenciosa.<\/p>\n<p>Al participar en la sesi\u00f3n donde se analiz\u00f3 la minuta proveniente del Senado de la Rep\u00fablica que expide la Ley de Revocaci\u00f3n de Mandato, la Diputada Federal por Aguascalientes Tere Jim\u00e9nez apoy\u00f3 esta iniciativa con la que se pretende realizar una consulta ciudadana para determinar si el Presidente debe continuar en su encargo o si debe ser removido por p\u00e9rdida de confianza.<\/p>\n<p>En ese sentido, indic\u00f3 que el compromiso del Partido Acci\u00f3n Nacional es fortalecer la democracia mediante la participaci\u00f3n de los ciudadanos en las decisiones del pa\u00eds, por lo que, como Grupo Parlamentario, apoyar\u00e1n la realizaci\u00f3n de este ejercicio democr\u00e1tico que tendr\u00eda lugar en marzo de 2022.<br \/>\n\u201cLa revocaci\u00f3n de mandato es un ejercicio de poder ciudadano, y por eso estamos de acuerdo de manera general. Es perfectible, pero siempre ser\u00e1 mejor que haya un espacio para la participaci\u00f3n de los ciudadanos a que no lo haya\u201d.<\/p>\n<p>Tere Jim\u00e9nez se\u00f1al\u00f3 que, a pesar de la importancia de este ejercicio, los Legisladores de su partido estar\u00e1n pendientes de que en su realizaci\u00f3n no se incluya una pregunta visiblemente tendenciosa y cargada que pudiera sesgar los resultados o generar confusiones.<\/p>\n<p>\u201cDebe ser un ejercicio transparente: la pregunta debe ser elaborada por un comit\u00e9 t\u00e9cnico, externo y ajeno a los partidos pol\u00edticos. Por eso nos reservamos la discusi\u00f3n de algunos art\u00edculos, porque creemos que para que sea \u00fatil, debe ser totalmente transparente, imparcial y menos costosa para los mexicanos\u201d<\/p>\n<p>Cabe hacer menci\u00f3n que en dicha consulta ser\u00eda el Instituto Nacional Electoral (INE), el encargado de su organizaci\u00f3n, desarrollo, coordinaci\u00f3n, seguimiento y c\u00f3mputo de resultados.<\/p>\n","protected":false},"excerpt":{"rendered":"<p>#informativoelvalledeaguascalientes , #novaradioaguascalientes \u2022 El compromiso del PAN es fortalecer la democracia a trav\u00e9s de la participaci\u00f3n de los ciudadanos en las decisiones del pa\u00eds. \u2022 Los Legisladores Federales estar\u00e1n atentos para evitar cualquier intento de sesgar los resultados con una pregunta tendenciosa. Al participar en la sesi\u00f3n donde se analiz\u00f3 la minuta proveniente del [&hellip;]<\/p>\n","protected":false},"author":1,"featured_media":22888,"comment_status":"closed","ping_status":"open","sticky":false,"template":"","format":"standard","meta":{"advanced_seo_description":"","jetpack_seo_html_title":"","jetpack_seo_noindex":false,"_jetpack_memberships_contains_paid_content":false,"footnotes":"","jetpack_publicize_message":"","jetpack_publicize_feature_enabled":true,"jetpack_social_post_already_shared":true,"jetpack_social_options":{"image_generator_settings":{"template":"highway","default_image_id":0,"font":"","enabled":false},"version":2}},"categories":[21,7],"tags":[22,23,320],"class_list":["post-22887","post","type-post","status-publish","format-standard","has-post-thumbnail","hentry","category-aguascalientes","category-pan-aguascalientes","tag-aguascalientes","tag-pan-aguascalientes","tag-tere-jimenez"],"jetpack_publicize_connections":[],"jetpack_featured_media_url":"https:\/\/i0.wp.com\/informativoelvalledeaguascalientes.online\/wp-content\/uploads\/2021\/09\/d19e714c-3258-4325-9d25-501fea56e66b.jpg?fit=1024%2C681&ssl=1","jetpack-related-posts":[],"jetpack_sharing_enabled":true,"jetpack_likes_enabled":true,"_links":{"self":[{"href":"https:\/\/informativoelvalledeaguascalientes.online\/index.php?rest_route=\/wp\/v2\/posts\/22887","targetHints":{"allow":["GET"]}}],"collection":[{"href":"https:\/\/informativoelvalledeaguascalientes.online\/index.php?rest_route=\/wp\/v2\/posts"}],"about":[{"href":"https:\/\/informativoelvalledeaguascalientes.online\/index.php?rest_route=\/wp\/v2\/types\/post"}],"author":[{"embeddable":true,"href":"https:\/\/informativoelvalledeaguascalientes.online\/index.php?rest_route=\/wp\/v2\/users\/1"}],"replies":[{"embeddable":true,"href":"https:\/\/informativoelvalledeaguascalientes.online\/index.php?rest_route=%2Fwp%2Fv2%2Fcomments&post=22887"}],"version-history":[{"count":1,"href":"https:\/\/informativoelvalledeaguascalientes.online\/index.php?rest_route=\/wp\/v2\/posts\/22887\/revisions"}],"predecessor-version":[{"id":22889,"href":"https:\/\/informativoelvalledeaguascalientes.online\/index.php?rest_route=\/wp\/v2\/posts\/22887\/revisions\/22889"}],"wp:featuredmedia":[{"embeddable":true,"href":"https:\/\/informativoelvalledeaguascalientes.online\/index.php?rest_route=\/wp\/v2\/media\/22888"}],"wp:attachment":[{"href":"https:\/\/informativoelvalledeaguascalientes.online\/index.php?rest_route=%2Fwp%2Fv2%2Fmedia&parent=22887"}],"wp:term":[{"taxonomy":"category","embeddable":true,"href":"https:\/\/informativoelvalledeaguascalientes.online\/index.php?rest_route=%2Fwp%2Fv2%2Fcategories&post=22887"},{"taxonomy":"post_tag","embeddable":true,"href":"https:\/\/informativoelvalledeaguascalientes.online\/index.php?rest_route=%2Fwp%2Fv2%2Ftags&post=22887"}],"curies":[{"name":"wp","href":"https:\/\/api.w.org\/{rel}","templated":true}]}}