{"id":22881,"date":"2021-09-07T14:15:56","date_gmt":"2021-09-07T20:15:56","guid":{"rendered":"https:\/\/informativoelvalledeaguascalientes.online\/?p=22881"},"modified":"2021-09-07T14:15:56","modified_gmt":"2021-09-07T20:15:56","slug":"la-seguridad-publica-debe-estar-por-encima-de-cualquier-tipo-de-interes-personal-de-grupo-o-partido-politico-tono-martin-del-campo","status":"publish","type":"post","link":"https:\/\/informativoelvalledeaguascalientes.online\/?p=22881","title":{"rendered":"LA SEGURIDAD P\u00daBLICA DEBE ESTAR POR ENCIMA DE CUALQUIER TIPO DE INTER\u00c9S PERSONAL, DE GRUPO O PARTIDO POL\u00cdTICO: TO\u00d1O MART\u00cdN DEL CAMPO"},"content":{"rendered":"<p>#informativoelvalledeaguascalientes , #novaradioaguascalientes<\/p>\n<p>&nbsp;<\/p>\n<ul>\n<li style=\"font-weight: 400;\" aria-level=\"1\"><b>Se llev\u00f3 a cabo el sexto Foro Ciudadano \u201cPaz y Tranquilidad\u201d enfocado al tema de Seguridad P\u00fablica\u00a0<\/b><\/li>\n<\/ul>\n<p>&nbsp;<\/p>\n<ul>\n<li style=\"font-weight: 400;\" aria-level=\"1\"><b>Como parte del trabajo legislativo que desarrolla, han sido aprobadas diversas reformas en la materia para fortalecer el marco de actuaci\u00f3n de las autoridades\u00a0<\/b><\/li>\n<\/ul>\n<p>&nbsp;<\/p>\n<ul>\n<li style=\"font-weight: 400;\" aria-level=\"1\"><b>La seguridad es indispensable pues sin ella se generar\u00eda una par\u00e1lisis en todos los aspectos de la vida: General Rolando Eugenio Hidalgo Eddy<\/b><\/li>\n<\/ul>\n<p>&nbsp;<\/p>\n<p><span style=\"font-weight: 400;\">Hablar de seguridad no es solo hablar del combate al crimen organizado o los delitos del fuero com\u00fan, es hablar tambi\u00e9n de la paz y tranquilidad de los ciudadanos en un ambiente de cohesi\u00f3n social, con sentido comunitario, con una<\/span> <span style=\"font-weight: 400;\">justicia pronta y expedita que permita contar con un aut\u00e9ntico estado de derecho para poder acabar con la impunidad; as\u00ed lo afirm\u00f3 To\u00f1o Mart\u00edn del Campo Senador por Aguascalientes, durante el desarrollo del sexto foro ciudadano denominado \u201cPaz y Tranquilidad\u201d.<\/span><\/p>\n<p><span style=\"font-weight: 400;\">Teniendo como sede las instalaciones de la Cava Domecq, el legislador federal manifest\u00f3 que la ciudadan\u00eda requiere vivir con tranquilidad, sin preocupaciones econ\u00f3micas, disfrutando de su familia y amigos y eso s\u00f3lo se puede lograr si se vive en un estado seguro, donde adem\u00e1s de las oportunidades en el entorno, exista la certeza de salir con tranquilidad a las calles sin temor a ser violentados.<\/span><\/p>\n<p><span style=\"font-weight: 400;\">Asegur\u00f3 que Aguascalientes puede y debe ser un estado seguro, pero para lograrlo es necesario trabajar en el fortalecimiento de las corporaciones policiacas, certificar a todos los elementos y dotarlos de una mejor capacitaci\u00f3n y tecnolog\u00eda para enfrentar de manera eficaz a la delincuencia.\u00a0<\/span><\/p>\n<p><i><span style=\"font-weight: 400;\">\u201cEl 29 de octubre de 2019 present\u00e9 en el Senado de la Rep\u00fablica una iniciativa que contempla crear condiciones m\u00ednimas de seguridad social en favor de todas y todos los integrantes de las instituciones policiales del pa\u00eds,<\/span><\/i> <i><span style=\"font-weight: 400;\">desde las municipales, pasando por las estatales y llegando a la guardia nacional. Algunas de las prestaciones que se contemplan otorgar son las de: <\/span><\/i><i><span style=\"font-weight: 400;\">\u00a0<\/span><\/i><i><span style=\"font-weight: 400;\">jubilaci\u00f3n, vejez, invalidez, cesant\u00eda en edad avanzada y por causa de muerte,<\/span><\/i> <i><span style=\"font-weight: 400;\">con base en el 100% de su sueldo\u201d<\/span><\/i><\/p>\n<p><span style=\"font-weight: 400;\">Aunado a lo anterior, fue ampliado el cat\u00e1logo de delitos que ameritan prisi\u00f3n preventiva oficiosa,<\/span> <span style=\"font-weight: 400;\">\u00a0entre los que se encuentran, el robo de autotransporte federal de carga,<\/span> <span style=\"font-weight: 400;\">de pasajeros o turismo, el robo a casa habitaci\u00f3n, el<\/span> <span style=\"font-weight: 400;\">abuso o violencia sexual, <\/span><span style=\"font-weight: 400;\">\u00a0<\/span><span style=\"font-weight: 400;\">el<\/span> <span style=\"font-weight: 400;\">uso de programas sociales con fines electorales,<\/span><span style=\"font-weight: 400;\">\u00a0 <\/span><span style=\"font-weight: 400;\">el<\/span> <span style=\"font-weight: 400;\">robo de hidrocarburos y la desaparici\u00f3n de personas, adem\u00e1s de que como Senador dio su respaldo para la creaci\u00f3n de la guardia nacional y con ello garantizar mejores condiciones de seguridad para las y los mexicanos.<\/span><\/p>\n<p><span style=\"font-weight: 400;\">Manifest\u00f3 que no se puede entender la seguridad sin una visi\u00f3n preventiva integral donde a trav\u00e9s de la cohesi\u00f3n y la convivencia se reconstruya el tejido social y esto se encuentra estrechamente relacionado con el rescate de espacios p\u00fablicos, atenci\u00f3n a la salud mental,<\/span> <span style=\"font-weight: 400;\">el impulso de las artes y los deportes en nuestros j\u00f3venes<\/span> <span style=\"font-weight: 400;\">y con el mejoramiento de las zonas marginadas.<\/span><\/p>\n<p><span style=\"font-weight: 400;\">De manera virtual, se cont\u00f3 con la presencia de la ministra de la Suprema Corte de Justicia, la Dra. Yasm\u00edn Esquivel Mossa, quien durante su exposici\u00f3n se refiri\u00f3 a la desigualdad de la mujer desde la perspectiva de su inclusi\u00f3n en los \u00f3rganos de impartici\u00f3n de justicia, inclusi\u00f3n que si bien ha avanzado en la sociedad y las mujeres han tenido la oportunidad de demostrar su capacidad, a\u00fan prevalecen muchos prejuicios que deben ser eliminados y as\u00ed conseguir que hombres y mujeres puedan ocupar los mismos cargos.<\/span><\/p>\n<p><span style=\"font-weight: 400;\">Por su parte, y de manera presencial, el General de Divisi\u00f3n Diplomado de Estado Mayor Rolando Eugenio Hidalgo Eddy, ex Secretario de Seguridad P\u00fablica en nuestro Estado, se refiri\u00f3 a la seguridad como una labor que debe ser compartida entre autoridades y ciudadanos ya que involucra a la sociedad en su conjunto.<\/span><\/p>\n<p><span style=\"font-weight: 400;\">Asimismo, agradeci\u00f3 el inter\u00e9s del Senador To\u00f1o Mart\u00edn del Campo por trabajar en la b\u00fasqueda de mejores compensaciones a los polic\u00edas quienes a su vez deben contar con una formaci\u00f3n y profesionalizaci\u00f3n adecuada para que pueda existir una armon\u00eda en sus funciones.<\/span><\/p>\n<p><i><span style=\"font-weight: 400;\">\u201cPodemos afirmar que los trabajos de seguridad son la base indiscutible para lograr la paz y tranquilidad de cualquier parte del mundo, sin seguridad habr\u00eda par\u00e1lisis en todos los apsectos de la vida. Sin lugar a dudas queda mucho por decir en la materia, no hay f\u00f3rmulas m\u00e1gicas ni metodos exactos, \u00e9sta se construye momento a momento\u201d.<\/span><\/i><\/p>\n<p><span style=\"font-weight: 400;\">Finalmente, el legislador federal reconoci\u00f3 el trabajo, dedicaci\u00f3n, esfuerzo y compromiso que tienen con Aguascalientes y con el resto del pa\u00eds el Ej\u00e9rcito Mexicano, la Guardia Nacional, y en general, todas las corporaciones policiacas tanto estatal como municipal.<\/span><\/p>\n","protected":false},"excerpt":{"rendered":"<p>#informativoelvalledeaguascalientes , #novaradioaguascalientes &nbsp; Se llev\u00f3 a cabo el sexto Foro Ciudadano \u201cPaz y Tranquilidad\u201d enfocado al tema de Seguridad P\u00fablica\u00a0 &nbsp; Como parte del trabajo legislativo que desarrolla, han sido aprobadas diversas reformas en la materia para fortalecer el marco de actuaci\u00f3n de las autoridades\u00a0 &nbsp; La seguridad es indispensable pues sin ella se [&hellip;]<\/p>\n","protected":false},"author":1,"featured_media":22882,"comment_status":"closed","ping_status":"open","sticky":false,"template":"","format":"standard","meta":{"advanced_seo_description":"","jetpack_seo_html_title":"","jetpack_seo_noindex":false,"_jetpack_memberships_contains_paid_content":false,"footnotes":"","jetpack_publicize_message":"","jetpack_publicize_feature_enabled":true,"jetpack_social_post_already_shared":true,"jetpack_social_options":{"image_generator_settings":{"template":"highway","default_image_id":0,"font":"","enabled":false},"version":2}},"categories":[21,7],"tags":[22,23,49],"class_list":["post-22881","post","type-post","status-publish","format-standard","has-post-thumbnail","hentry","category-aguascalientes","category-pan-aguascalientes","tag-aguascalientes","tag-pan-aguascalientes","tag-tono-martin-del-campo"],"jetpack_publicize_connections":[],"jetpack_featured_media_url":"https:\/\/i0.wp.com\/informativoelvalledeaguascalientes.online\/wp-content\/uploads\/2021\/09\/Tono-Martin-del-Campo-2.jpeg?fit=1024%2C914&ssl=1","jetpack-related-posts":[],"jetpack_sharing_enabled":true,"jetpack_likes_enabled":true,"_links":{"self":[{"href":"https:\/\/informativoelvalledeaguascalientes.online\/index.php?rest_route=\/wp\/v2\/posts\/22881","targetHints":{"allow":["GET"]}}],"collection":[{"href":"https:\/\/informativoelvalledeaguascalientes.online\/index.php?rest_route=\/wp\/v2\/posts"}],"about":[{"href":"https:\/\/informativoelvalledeaguascalientes.online\/index.php?rest_route=\/wp\/v2\/types\/post"}],"author":[{"embeddable":true,"href":"https:\/\/informativoelvalledeaguascalientes.online\/index.php?rest_route=\/wp\/v2\/users\/1"}],"replies":[{"embeddable":true,"href":"https:\/\/informativoelvalledeaguascalientes.online\/index.php?rest_route=%2Fwp%2Fv2%2Fcomments&post=22881"}],"version-history":[{"count":1,"href":"https:\/\/informativoelvalledeaguascalientes.online\/index.php?rest_route=\/wp\/v2\/posts\/22881\/revisions"}],"predecessor-version":[{"id":22883,"href":"https:\/\/informativoelvalledeaguascalientes.online\/index.php?rest_route=\/wp\/v2\/posts\/22881\/revisions\/22883"}],"wp:featuredmedia":[{"embeddable":true,"href":"https:\/\/informativoelvalledeaguascalientes.online\/index.php?rest_route=\/wp\/v2\/media\/22882"}],"wp:attachment":[{"href":"https:\/\/informativoelvalledeaguascalientes.online\/index.php?rest_route=%2Fwp%2Fv2%2Fmedia&parent=22881"}],"wp:term":[{"taxonomy":"category","embeddable":true,"href":"https:\/\/informativoelvalledeaguascalientes.online\/index.php?rest_route=%2Fwp%2Fv2%2Fcategories&post=22881"},{"taxonomy":"post_tag","embeddable":true,"href":"https:\/\/informativoelvalledeaguascalientes.online\/index.php?rest_route=%2Fwp%2Fv2%2Ftags&post=22881"}],"curies":[{"name":"wp","href":"https:\/\/api.w.org\/{rel}","templated":true}]}}