{"id":22856,"date":"2021-09-06T17:28:24","date_gmt":"2021-09-06T23:28:24","guid":{"rendered":"https:\/\/informativoelvalledeaguascalientes.online\/?p=22856"},"modified":"2021-09-06T17:28:24","modified_gmt":"2021-09-06T23:28:24","slug":"inician-actividades-por-la-conmemoracion-del-dia-mundial-de-la-prevencion-del-suicidio","status":"publish","type":"post","link":"https:\/\/informativoelvalledeaguascalientes.online\/?p=22856","title":{"rendered":"INICIAN ACTIVIDADES POR LA CONMEMORACI\u00d3N DEL D\u00cdA MUNDIAL DE LA PREVENCI\u00d3N DEL SUICIDIO"},"content":{"rendered":"<p dir=\"ltr\">#informativoelvalledeaguascalientes , #novaradioaguascalientes<\/p>\n<p>&nbsp;<\/p>\n<ul>\n<li dir=\"ltr\">\n<p dir=\"ltr\" role=\"presentation\">Se llevar\u00e1n a cabo conferencias diarias en las que se abordar\u00e1n los temas Se\u00f1ales de Riesgo y Prevenci\u00f3n del Suicidio, Prevenci\u00f3n de la Depresi\u00f3n, Prevenci\u00f3n de la Ansiedad y Violencia Intrafamiliar<\/p>\n<\/li>\n<li dir=\"ltr\">\n<p dir=\"ltr\" role=\"presentation\">En los municipios de Jes\u00fas Mar\u00eda, Rinc\u00f3n de Romos, Calvillo y San Francisco de los Romo tambi\u00e9n se llevar\u00e1n a cabo m\u00e1s pl\u00e1ticas y conferencias<\/p>\n<\/li>\n<\/ul>\n<p>&nbsp;<\/p>\n<p dir=\"ltr\">Del 6 al 10 de septiembre, dentro de la conmemoraci\u00f3n del D\u00eda Mundial de la Prevenci\u00f3n del Suicidio, la Secretar\u00eda de Salud de Aguascalientes, a trav\u00e9s de la Direcci\u00f3n de Salud Mental y Adicciones, llevar\u00e1 a cabo una serie de actividades, eventos y talleres para continuar con el trabajo de crear conciencia en torno a este importante tema.<\/p>\n<p>&nbsp;<\/p>\n<p dir=\"ltr\">El titular del \u00e1rea, Francisco Javier Pedroza Cabrera, inform\u00f3 que se llevar\u00e1n a cabo conferencias diarias en las que se abordar\u00e1n los temas Se\u00f1ales de Riesgo y Prevenci\u00f3n del Suicidio, Prevenci\u00f3n de la Depresi\u00f3n, Prevenci\u00f3n de la Ansiedad y Violencia Intrafamiliar.<\/p>\n<p>&nbsp;<\/p>\n<p dir=\"ltr\">Agreg\u00f3 que en los municipios de Jes\u00fas Mar\u00eda, Rinc\u00f3n de Romos, Calvillo y San Francisco de los Romo, tambi\u00e9n se llevar\u00e1n a cabo m\u00e1s pl\u00e1ticas y conferencias con el tema de Se\u00f1ales de Riesgo y Prevenci\u00f3n del Suicidio.<\/p>\n<p>&nbsp;<\/p>\n<p dir=\"ltr\">Pedroza Cabrera afirm\u00f3 que de manera preliminar se han llevado a cabo pl\u00e1ticas y talleres en las delegaciones municipales de Aguascalientes y en las colonias con mayor \u00edndice de casos de intentos de suicidio, adem\u00e1s se han aplicado tamizajes para la detecci\u00f3n oportuna de la ansiedad, depresi\u00f3n, violencia familiar y adicciones.<\/p>\n<p>&nbsp;<\/p>\n<p dir=\"ltr\">Finalmente, el director de Salud Mental del ISSEA dej\u00f3 en claro que uno de los objetivos finales de esta serie de conferencias y actividades es capacitar a la sociedad para que en conjunto con los especialistas, se pueda atender de manera<\/p>\n<p dir=\"ltr\">oportuna el comportamiento suicida y sus factores de riesgo.<\/p>\n","protected":false},"excerpt":{"rendered":"<p>#informativoelvalledeaguascalientes , #novaradioaguascalientes &nbsp; Se llevar\u00e1n a cabo conferencias diarias en las que se abordar\u00e1n los temas Se\u00f1ales de Riesgo y Prevenci\u00f3n del Suicidio, Prevenci\u00f3n de la Depresi\u00f3n, Prevenci\u00f3n de la Ansiedad y Violencia Intrafamiliar En los municipios de Jes\u00fas Mar\u00eda, Rinc\u00f3n de Romos, Calvillo y San Francisco de los Romo tambi\u00e9n se llevar\u00e1n a [&hellip;]<\/p>\n","protected":false},"author":1,"featured_media":22857,"comment_status":"closed","ping_status":"open","sticky":false,"template":"","format":"standard","meta":{"advanced_seo_description":"","jetpack_seo_html_title":"","jetpack_seo_noindex":false,"_jetpack_memberships_contains_paid_content":false,"footnotes":"","jetpack_publicize_message":"","jetpack_publicize_feature_enabled":true,"jetpack_social_post_already_shared":true,"jetpack_social_options":{"image_generator_settings":{"template":"highway","default_image_id":0,"font":"","enabled":false},"version":2}},"categories":[21,4],"tags":[22,30],"class_list":["post-22856","post","type-post","status-publish","format-standard","has-post-thumbnail","hentry","category-aguascalientes","category-gobierno-del-estado-aguascalientes","tag-aguascalientes","tag-issea"],"jetpack_publicize_connections":[],"jetpack_featured_media_url":"https:\/\/i0.wp.com\/informativoelvalledeaguascalientes.online\/wp-content\/uploads\/2021\/09\/WhatsApp-Image-2021-09-06-at-1.22.17-PM-1.jpeg?fit=1280%2C853&ssl=1","jetpack-related-posts":[],"jetpack_sharing_enabled":true,"jetpack_likes_enabled":true,"_links":{"self":[{"href":"https:\/\/informativoelvalledeaguascalientes.online\/index.php?rest_route=\/wp\/v2\/posts\/22856","targetHints":{"allow":["GET"]}}],"collection":[{"href":"https:\/\/informativoelvalledeaguascalientes.online\/index.php?rest_route=\/wp\/v2\/posts"}],"about":[{"href":"https:\/\/informativoelvalledeaguascalientes.online\/index.php?rest_route=\/wp\/v2\/types\/post"}],"author":[{"embeddable":true,"href":"https:\/\/informativoelvalledeaguascalientes.online\/index.php?rest_route=\/wp\/v2\/users\/1"}],"replies":[{"embeddable":true,"href":"https:\/\/informativoelvalledeaguascalientes.online\/index.php?rest_route=%2Fwp%2Fv2%2Fcomments&post=22856"}],"version-history":[{"count":1,"href":"https:\/\/informativoelvalledeaguascalientes.online\/index.php?rest_route=\/wp\/v2\/posts\/22856\/revisions"}],"predecessor-version":[{"id":22858,"href":"https:\/\/informativoelvalledeaguascalientes.online\/index.php?rest_route=\/wp\/v2\/posts\/22856\/revisions\/22858"}],"wp:featuredmedia":[{"embeddable":true,"href":"https:\/\/informativoelvalledeaguascalientes.online\/index.php?rest_route=\/wp\/v2\/media\/22857"}],"wp:attachment":[{"href":"https:\/\/informativoelvalledeaguascalientes.online\/index.php?rest_route=%2Fwp%2Fv2%2Fmedia&parent=22856"}],"wp:term":[{"taxonomy":"category","embeddable":true,"href":"https:\/\/informativoelvalledeaguascalientes.online\/index.php?rest_route=%2Fwp%2Fv2%2Fcategories&post=22856"},{"taxonomy":"post_tag","embeddable":true,"href":"https:\/\/informativoelvalledeaguascalientes.online\/index.php?rest_route=%2Fwp%2Fv2%2Ftags&post=22856"}],"curies":[{"name":"wp","href":"https:\/\/api.w.org\/{rel}","templated":true}]}}