{"id":22837,"date":"2021-09-06T16:50:05","date_gmt":"2021-09-06T22:50:05","guid":{"rendered":"https:\/\/informativoelvalledeaguascalientes.online\/?p=22837"},"modified":"2021-09-06T16:50:05","modified_gmt":"2021-09-06T22:50:05","slug":"ramon-jimenez-penaloza-presentara-su-informe-de-actividades-al-frente-del-dif-municipal","status":"publish","type":"post","link":"https:\/\/informativoelvalledeaguascalientes.online\/?p=22837","title":{"rendered":"RAM\u00d3N JIM\u00c9NEZ PE\u00d1ALOZA PRESENTAR\u00c1 SU INFORME DE ACTIVIDADES AL FRENTE DEL DIF MUNICIPAL"},"content":{"rendered":"<p>#informativoelvalledeaguascalientes , #novaradioaguascalientes<\/p>\n<ul>\n<li><strong>Se realizar\u00e1 en formato virtual el pr\u00f3ximo lunes 13 de septiembre\u00a0<\/strong><\/li>\n<\/ul>\n<p>El presidente del DIF Municipal de Aguascalientes,\u00a0<strong>Ram\u00f3n Jim\u00e9nez Pe\u00f1aloza,\u00a0<\/strong>presentar\u00e1 su Segundo Informe de actividades el lunes 13 de septiembre en formato digital, a trav\u00e9s del cual comunicar\u00e1 a la ciudadan\u00eda el trabajo cercano y en apoyo a sectores vulnerables como adultos mayores, ni\u00f1as, ni\u00f1os y personas con discapacidad.<\/p>\n<p>La transmisi\u00f3n se realizar\u00e1 a las 17:00 horas desde el segundo patio de Palacio Municipal y la ciudadan\u00eda podr\u00e1 seguirlo a trav\u00e9s de la p\u00e1gina oficial de Facebook DIF Municipal AGS.<\/p>\n<p><strong>Ram\u00f3n Jim\u00e9nez<\/strong>\u00a0invit\u00f3 a la ciudadan\u00eda a estar pendientes de la transmisi\u00f3n para que conozcan los resultados y el gran equipo de trabajo que todos los d\u00edas entrega el coraz\u00f3n para servir a los dem\u00e1s de manera cercana y humana.<\/p>\n","protected":false},"excerpt":{"rendered":"<p>#informativoelvalledeaguascalientes , #novaradioaguascalientes Se realizar\u00e1 en formato virtual el pr\u00f3ximo lunes 13 de septiembre\u00a0 El presidente del DIF Municipal de Aguascalientes,\u00a0Ram\u00f3n Jim\u00e9nez Pe\u00f1aloza,\u00a0presentar\u00e1 su Segundo Informe de actividades el lunes 13 de septiembre en formato digital, a trav\u00e9s del cual comunicar\u00e1 a la ciudadan\u00eda el trabajo cercano y en apoyo a sectores vulnerables como adultos [&hellip;]<\/p>\n","protected":false},"author":1,"featured_media":22838,"comment_status":"closed","ping_status":"open","sticky":false,"template":"","format":"standard","meta":{"advanced_seo_description":"","jetpack_seo_html_title":"","jetpack_seo_noindex":false,"_jetpack_memberships_contains_paid_content":false,"footnotes":"","jetpack_publicize_message":"","jetpack_publicize_feature_enabled":true,"jetpack_social_post_already_shared":true,"jetpack_social_options":{"image_generator_settings":{"template":"highway","default_image_id":0,"font":"","enabled":false},"version":2}},"categories":[21,3],"tags":[22,25,72],"class_list":["post-22837","post","type-post","status-publish","format-standard","has-post-thumbnail","hentry","category-aguascalientes","category-municipio-aguascalientes","tag-aguascalientes","tag-mpio-aguascalientes","tag-mpio-aguascalientes-dif"],"jetpack_publicize_connections":[],"jetpack_featured_media_url":"https:\/\/i0.wp.com\/informativoelvalledeaguascalientes.online\/wp-content\/uploads\/2021\/09\/WhatsApp-Image-2021-09-06-at-11.14.48.jpeg?fit=1280%2C473&ssl=1","jetpack-related-posts":[],"jetpack_sharing_enabled":true,"jetpack_likes_enabled":true,"_links":{"self":[{"href":"https:\/\/informativoelvalledeaguascalientes.online\/index.php?rest_route=\/wp\/v2\/posts\/22837","targetHints":{"allow":["GET"]}}],"collection":[{"href":"https:\/\/informativoelvalledeaguascalientes.online\/index.php?rest_route=\/wp\/v2\/posts"}],"about":[{"href":"https:\/\/informativoelvalledeaguascalientes.online\/index.php?rest_route=\/wp\/v2\/types\/post"}],"author":[{"embeddable":true,"href":"https:\/\/informativoelvalledeaguascalientes.online\/index.php?rest_route=\/wp\/v2\/users\/1"}],"replies":[{"embeddable":true,"href":"https:\/\/informativoelvalledeaguascalientes.online\/index.php?rest_route=%2Fwp%2Fv2%2Fcomments&post=22837"}],"version-history":[{"count":1,"href":"https:\/\/informativoelvalledeaguascalientes.online\/index.php?rest_route=\/wp\/v2\/posts\/22837\/revisions"}],"predecessor-version":[{"id":22839,"href":"https:\/\/informativoelvalledeaguascalientes.online\/index.php?rest_route=\/wp\/v2\/posts\/22837\/revisions\/22839"}],"wp:featuredmedia":[{"embeddable":true,"href":"https:\/\/informativoelvalledeaguascalientes.online\/index.php?rest_route=\/wp\/v2\/media\/22838"}],"wp:attachment":[{"href":"https:\/\/informativoelvalledeaguascalientes.online\/index.php?rest_route=%2Fwp%2Fv2%2Fmedia&parent=22837"}],"wp:term":[{"taxonomy":"category","embeddable":true,"href":"https:\/\/informativoelvalledeaguascalientes.online\/index.php?rest_route=%2Fwp%2Fv2%2Fcategories&post=22837"},{"taxonomy":"post_tag","embeddable":true,"href":"https:\/\/informativoelvalledeaguascalientes.online\/index.php?rest_route=%2Fwp%2Fv2%2Ftags&post=22837"}],"curies":[{"name":"wp","href":"https:\/\/api.w.org\/{rel}","templated":true}]}}