{"id":22818,"date":"2021-09-05T17:58:53","date_gmt":"2021-09-05T23:58:53","guid":{"rendered":"https:\/\/informativoelvalledeaguascalientes.online\/?p=22818"},"modified":"2021-09-05T17:58:53","modified_gmt":"2021-09-05T23:58:53","slug":"dif-municipal-abre-inscripciones-para-cursos-en-los-centros-de-desarrollo-comunitario","status":"publish","type":"post","link":"https:\/\/informativoelvalledeaguascalientes.online\/?p=22818","title":{"rendered":"DIF MUNICIPAL ABRE INSCRIPCIONES PARA CURSOS EN LOS CENTROS DE DESARROLLO COMUNITARIO"},"content":{"rendered":"<p>#informativoelvalledeaguascalientes , #novaradioaguascalientes<\/p>\n<p>Con el objetivo de ofrecer actividades deportivas, art\u00edsticas y formativas a la poblaci\u00f3n en general la Coordinaci\u00f3n de los Centros de Desarrollo Comunitario (CEDECO) del DIF Municipal de Aguascalientes abre inscripciones a partir del \u00a0lunes 06 de septiembre, as\u00ed lo inform\u00f3,\u00a0<strong>Ram\u00f3n Jim\u00e9nez Pe\u00f1aloza,<\/strong>\u00a0Presidente de esta instituci\u00f3n.<\/p>\n<p>En este sentido coment\u00f3 que se van a retomar las clases presenciales cuidando todos los protocolos de higiene, manejando un cupo limitado en cada grupo dependiendo del espacio de las aulas. Destac\u00f3 que es muy importante ofrecer a la ciudadan\u00eda opciones de desarrollo para que utilicen su tiempo libre y se puedan capacitar en cursos que sean de su agrado<\/p>\n<p>Mencion\u00f3 que los talleres que se ofrecen son muy diversos como: aplicaci\u00f3n de u\u00f1as, automaquillaje, barber\u00eda, cosmetolog\u00eda natural, arte textil, bisuter\u00eda b\u00e1sica, dibujo y su t\u00e9cnica, manualidades con fieltro, reposter\u00eda b\u00e1sica, tae chi, ballet, danza contempor\u00e1nea, hawaiano y tahitiano, bailes regionales, guitarra, club de adultos mayores, tae kwon do, karate, box, basquetbol, gimnasia y zumba, entre otros.<\/p>\n<p>Coment\u00f3 que los Centros de Desarrollo Comunitario (CEDECO) se ubican en puntos estrat\u00e9gicos de la ciudad como son: CEDECO Universidad, en Av. Universidad No. 612 Col. Primo Verdad, de 08:00 a 19:00 horas tel\u00e9fono: 449 970 36 37; CEDECO Ojocaliente, en Francisco Zarco s\/n Col. Municipio Libre, de 09:00 a 20:00 horas, tel\u00e9fono: 449 976 56 20; CEDECO Rodolfo Landeros, en \u00a0L\u00e1zaro C\u00e1rdenas s\/n Col. Rodolfo Landeros, tel\u00e9fono 449 972 73 23.<\/p>\n<p>Agreg\u00f3 que los costos que se manejan son muy accesibles de $239 por curso y los requisitos son llenar el formato de inscripci\u00f3n y en el caso de los talleres deportivos se requiere un certificado m\u00e9dico reciente.<\/p>\n","protected":false},"excerpt":{"rendered":"<p>#informativoelvalledeaguascalientes , #novaradioaguascalientes Con el objetivo de ofrecer actividades deportivas, art\u00edsticas y formativas a la poblaci\u00f3n en general la Coordinaci\u00f3n de los Centros de Desarrollo Comunitario (CEDECO) del DIF Municipal de Aguascalientes abre inscripciones a partir del \u00a0lunes 06 de septiembre, as\u00ed lo inform\u00f3,\u00a0Ram\u00f3n Jim\u00e9nez Pe\u00f1aloza,\u00a0Presidente de esta instituci\u00f3n. En este sentido coment\u00f3 que se [&hellip;]<\/p>\n","protected":false},"author":1,"featured_media":22819,"comment_status":"closed","ping_status":"open","sticky":false,"template":"","format":"standard","meta":{"advanced_seo_description":"","jetpack_seo_html_title":"","jetpack_seo_noindex":false,"_jetpack_memberships_contains_paid_content":false,"footnotes":"","jetpack_publicize_message":"","jetpack_publicize_feature_enabled":true,"jetpack_social_post_already_shared":true,"jetpack_social_options":{"image_generator_settings":{"template":"highway","default_image_id":0,"font":"","enabled":false},"version":2}},"categories":[21,3],"tags":[22,25,72],"class_list":["post-22818","post","type-post","status-publish","format-standard","has-post-thumbnail","hentry","category-aguascalientes","category-municipio-aguascalientes","tag-aguascalientes","tag-mpio-aguascalientes","tag-mpio-aguascalientes-dif"],"jetpack_publicize_connections":[],"jetpack_featured_media_url":"https:\/\/i0.wp.com\/informativoelvalledeaguascalientes.online\/wp-content\/uploads\/2021\/09\/DSC_5721-scaled-1.jpg?fit=2560%2C1696&ssl=1","jetpack-related-posts":[],"jetpack_sharing_enabled":true,"jetpack_likes_enabled":true,"_links":{"self":[{"href":"https:\/\/informativoelvalledeaguascalientes.online\/index.php?rest_route=\/wp\/v2\/posts\/22818","targetHints":{"allow":["GET"]}}],"collection":[{"href":"https:\/\/informativoelvalledeaguascalientes.online\/index.php?rest_route=\/wp\/v2\/posts"}],"about":[{"href":"https:\/\/informativoelvalledeaguascalientes.online\/index.php?rest_route=\/wp\/v2\/types\/post"}],"author":[{"embeddable":true,"href":"https:\/\/informativoelvalledeaguascalientes.online\/index.php?rest_route=\/wp\/v2\/users\/1"}],"replies":[{"embeddable":true,"href":"https:\/\/informativoelvalledeaguascalientes.online\/index.php?rest_route=%2Fwp%2Fv2%2Fcomments&post=22818"}],"version-history":[{"count":1,"href":"https:\/\/informativoelvalledeaguascalientes.online\/index.php?rest_route=\/wp\/v2\/posts\/22818\/revisions"}],"predecessor-version":[{"id":22820,"href":"https:\/\/informativoelvalledeaguascalientes.online\/index.php?rest_route=\/wp\/v2\/posts\/22818\/revisions\/22820"}],"wp:featuredmedia":[{"embeddable":true,"href":"https:\/\/informativoelvalledeaguascalientes.online\/index.php?rest_route=\/wp\/v2\/media\/22819"}],"wp:attachment":[{"href":"https:\/\/informativoelvalledeaguascalientes.online\/index.php?rest_route=%2Fwp%2Fv2%2Fmedia&parent=22818"}],"wp:term":[{"taxonomy":"category","embeddable":true,"href":"https:\/\/informativoelvalledeaguascalientes.online\/index.php?rest_route=%2Fwp%2Fv2%2Fcategories&post=22818"},{"taxonomy":"post_tag","embeddable":true,"href":"https:\/\/informativoelvalledeaguascalientes.online\/index.php?rest_route=%2Fwp%2Fv2%2Ftags&post=22818"}],"curies":[{"name":"wp","href":"https:\/\/api.w.org\/{rel}","templated":true}]}}