{"id":22657,"date":"2021-08-30T20:15:42","date_gmt":"2021-08-31T02:15:42","guid":{"rendered":"https:\/\/informativoelvalledeaguascalientes.online\/?p=22657"},"modified":"2021-08-30T20:15:42","modified_gmt":"2021-08-31T02:15:42","slug":"agenda-civica-de-septiembre-fomenta-valores-civicos-y-sentido-de-pertenencia-a-mexico","status":"publish","type":"post","link":"https:\/\/informativoelvalledeaguascalientes.online\/?p=22657","title":{"rendered":"AGENDA C\u00cdVICA DE SEPTIEMBRE FOMENTA VALORES C\u00cdVICOS Y SENTIDO DE PERTENENCIA A M\u00c9XICO"},"content":{"rendered":"<p style=\"font-weight: 400;\">#informativoelvalledeaguascalientes #novaradioaguascalientes<\/p>\n<p style=\"font-weight: 400;\"><strong>\u00a0<\/strong><\/p>\n<ul>\n<li style=\"font-weight: 400;\"><strong><em>La ceremonia del grito se realizar\u00e1 con aforo controlado y todas las medidas sanitarias<\/em><\/strong><\/li>\n<li style=\"font-weight: 400;\"><strong><em>El desfile c\u00edvico-militar tendr\u00e1 inicio en la calle Moctezuma y disloque en Galeana con L\u00f3pez Mateos<\/em><\/strong><\/li>\n<\/ul>\n<p style=\"font-weight: 400;\"><strong><em>\u00a0<\/em><\/strong><\/p>\n<p style=\"font-weight: 400;\">Para fomentar en la poblaci\u00f3n los valores c\u00edvicos y el sentido de pertenencia a M\u00e9xico, se dise\u00f1\u00f3 la agenda c\u00edvica de septiembre, con una serie de eventos que conmemoran los acontecimientos y personajes hist\u00f3ricos que nos dan identidad y nos forjaron como naci\u00f3n, as\u00ed lo anunci\u00f3 el director general de Desarrollo C\u00edvico, Adri\u00e1n S\u00e1nchez Rodr\u00edguez.<\/p>\n<p style=\"font-weight: 400;\">\n<p style=\"font-weight: 400;\">En esta ocasi\u00f3n, la verbena popular o noche mexicana se realizar\u00e1 el 15 de septiembre en la Plaza de la Patria, a partir de las 18:00 horas, con aforo controlado, contando con todas las medidas sanitarias y uso obligatorio de cubrebocas, para dar paso posteriormente a la ceremonia del Grito de Independencia.<\/p>\n<p style=\"font-weight: 400;\">\n<p style=\"font-weight: 400;\">Un d\u00eda despu\u00e9s, el 16 de septiembre, se efectuar\u00e1 el desfile c\u00edvico-militar por el 211\u00b0 Aniversario del Inicio de la Independencia, con inicio en la calle Moctezuma y\u00a0 disloque en el cruce de la calle Galeana con la avenida L\u00f3pez Mateos.<\/p>\n<p style=\"font-weight: 400;\">\n<p style=\"font-weight: 400;\">El 27 de septiembre tendr\u00e1 lugar la ceremonia conmemorativa por el Bicentenario de la Consumaci\u00f3n de la Independencia de M\u00e9xico, que se suma a la agenda cultural Aguascalientes-Jap\u00f3n, que realizar\u00e1n autoridades estatales y diplom\u00e1ticas niponas desde el 23 de septiembre.<\/p>\n<p style=\"font-weight: 400;\">\n<p style=\"font-weight: 400;\">Para cerrar la agenda, el 13 de septiembre el 174\u00b0 Aniversario de la Gesta Heroica de los Ni\u00f1os H\u00e9roes de Chapultepec; el 19 de septiembre la Conmemoraci\u00f3n de los Sismos del 19 septiembre de 1985 y D\u00eda Nacional de Protecci\u00f3n Civil; y el 30 de septiembre, el 256\u00b0 Aniversario del Natalicio de Jos\u00e9 Mar\u00eda Morelos y Pav\u00f3n.<\/p>\n","protected":false},"excerpt":{"rendered":"<p>#informativoelvalledeaguascalientes #novaradioaguascalientes \u00a0 La ceremonia del grito se realizar\u00e1 con aforo controlado y todas las medidas sanitarias El desfile c\u00edvico-militar tendr\u00e1 inicio en la calle Moctezuma y disloque en Galeana con L\u00f3pez Mateos \u00a0 Para fomentar en la poblaci\u00f3n los valores c\u00edvicos y el sentido de pertenencia a M\u00e9xico, se dise\u00f1\u00f3 la agenda c\u00edvica de [&hellip;]<\/p>\n","protected":false},"author":1,"featured_media":22658,"comment_status":"closed","ping_status":"open","sticky":false,"template":"","format":"standard","meta":{"advanced_seo_description":"","jetpack_seo_html_title":"","jetpack_seo_noindex":false,"_jetpack_memberships_contains_paid_content":false,"footnotes":"","jetpack_publicize_message":"","jetpack_publicize_feature_enabled":true,"jetpack_social_post_already_shared":true,"jetpack_social_options":{"image_generator_settings":{"template":"highway","default_image_id":0,"font":"","enabled":false},"version":2}},"categories":[21,4],"tags":[22,51],"class_list":["post-22657","post","type-post","status-publish","format-standard","has-post-thumbnail","hentry","category-aguascalientes","category-gobierno-del-estado-aguascalientes","tag-aguascalientes","tag-seggob"],"jetpack_publicize_connections":[],"jetpack_featured_media_url":"https:\/\/i0.wp.com\/informativoelvalledeaguascalientes.online\/wp-content\/uploads\/2021\/08\/WhatsApp-Image-2021-08-30-at-3.10.55-PM.jpeg?fit=1280%2C853&ssl=1","jetpack-related-posts":[],"jetpack_sharing_enabled":true,"jetpack_likes_enabled":true,"_links":{"self":[{"href":"https:\/\/informativoelvalledeaguascalientes.online\/index.php?rest_route=\/wp\/v2\/posts\/22657","targetHints":{"allow":["GET"]}}],"collection":[{"href":"https:\/\/informativoelvalledeaguascalientes.online\/index.php?rest_route=\/wp\/v2\/posts"}],"about":[{"href":"https:\/\/informativoelvalledeaguascalientes.online\/index.php?rest_route=\/wp\/v2\/types\/post"}],"author":[{"embeddable":true,"href":"https:\/\/informativoelvalledeaguascalientes.online\/index.php?rest_route=\/wp\/v2\/users\/1"}],"replies":[{"embeddable":true,"href":"https:\/\/informativoelvalledeaguascalientes.online\/index.php?rest_route=%2Fwp%2Fv2%2Fcomments&post=22657"}],"version-history":[{"count":1,"href":"https:\/\/informativoelvalledeaguascalientes.online\/index.php?rest_route=\/wp\/v2\/posts\/22657\/revisions"}],"predecessor-version":[{"id":22659,"href":"https:\/\/informativoelvalledeaguascalientes.online\/index.php?rest_route=\/wp\/v2\/posts\/22657\/revisions\/22659"}],"wp:featuredmedia":[{"embeddable":true,"href":"https:\/\/informativoelvalledeaguascalientes.online\/index.php?rest_route=\/wp\/v2\/media\/22658"}],"wp:attachment":[{"href":"https:\/\/informativoelvalledeaguascalientes.online\/index.php?rest_route=%2Fwp%2Fv2%2Fmedia&parent=22657"}],"wp:term":[{"taxonomy":"category","embeddable":true,"href":"https:\/\/informativoelvalledeaguascalientes.online\/index.php?rest_route=%2Fwp%2Fv2%2Fcategories&post=22657"},{"taxonomy":"post_tag","embeddable":true,"href":"https:\/\/informativoelvalledeaguascalientes.online\/index.php?rest_route=%2Fwp%2Fv2%2Ftags&post=22657"}],"curies":[{"name":"wp","href":"https:\/\/api.w.org\/{rel}","templated":true}]}}