{"id":22644,"date":"2021-08-30T19:35:47","date_gmt":"2021-08-31T01:35:47","guid":{"rendered":"https:\/\/informativoelvalledeaguascalientes.online\/?p=22644"},"modified":"2021-08-30T19:35:47","modified_gmt":"2021-08-31T01:35:47","slug":"la-alcaldesa-cecy-lopez-clausuro-las-actividades-del-mes-de-la-juventud","status":"publish","type":"post","link":"https:\/\/informativoelvalledeaguascalientes.online\/?p=22644","title":{"rendered":"LA ALCALDESA CECY L\u00d3PEZ CLAUSUR\u00d3 LAS ACTIVIDADES DEL MES DE LA JUVENTUD"},"content":{"rendered":"<p><strong>#informativoelvalledeaguascalientes #novaradioaguascalientes<\/strong><\/p>\n<p>La alcaldesa de Aguascalientes,\u00a0<strong>Cecy L\u00f3pez<\/strong>\u00a0clausur\u00f3 las actividades conmemorativas al Mes de la Juventud, con un evento denominado el \u201cEl Bara-tillo\u201d tianguis para j\u00f3venes a trav\u00e9s del cual se promovi\u00f3 el emprendimiento innovador y la econom\u00eda local.<\/p>\n<p><strong>Cecy L\u00f3pez<\/strong>, reconoci\u00f3 el talento y la \u00a0creatividad de los j\u00f3venes impuls\u00e1ndolos a seguir cumpliendo sus metas y objetivos y asegur\u00f3 que el Municipio seguir\u00e1 trabajando siempre por el bien com\u00fan.<\/p>\n<p>En conjunto con la directora del Instituto Municipal de la Juventud de Aguascalientes (IMJUVA)\u00a0<strong>Noem\u00ed Herrada Campos\u00a0<\/strong>asegur\u00f3 que se seguir\u00e1n impulsando diversos programas en beneficio de los j\u00f3venes como las becas de titulaci\u00f3n y movilidad, as\u00ed como diversas convocatorias y cursos, promoviendo siempre su desarrollo acad\u00e9mico y personal.<\/p>\n<p>El evento se desarroll\u00f3 en la explanada de Expo Plaza donde los asistentes pudieron disfrutar de un agradable ambiente con la participaci\u00f3n de grupos de baile de la academia Ballet Folcl\u00f3rico Infantil y Juvenil del Municipio de Aguascalientes \u201cAztl\u00e1n\u201d amenizando el evento.<\/p>\n","protected":false},"excerpt":{"rendered":"<p>#informativoelvalledeaguascalientes #novaradioaguascalientes La alcaldesa de Aguascalientes,\u00a0Cecy L\u00f3pez\u00a0clausur\u00f3 las actividades conmemorativas al Mes de la Juventud, con un evento denominado el \u201cEl Bara-tillo\u201d tianguis para j\u00f3venes a trav\u00e9s del cual se promovi\u00f3 el emprendimiento innovador y la econom\u00eda local. Cecy L\u00f3pez, reconoci\u00f3 el talento y la \u00a0creatividad de los j\u00f3venes impuls\u00e1ndolos a seguir cumpliendo sus metas [&hellip;]<\/p>\n","protected":false},"author":1,"featured_media":22645,"comment_status":"closed","ping_status":"open","sticky":false,"template":"","format":"standard","meta":{"advanced_seo_description":"","jetpack_seo_html_title":"","jetpack_seo_noindex":false,"_jetpack_memberships_contains_paid_content":false,"footnotes":"","jetpack_publicize_message":"","jetpack_publicize_feature_enabled":true,"jetpack_social_post_already_shared":true,"jetpack_social_options":{"image_generator_settings":{"template":"highway","default_image_id":0,"font":"","enabled":false},"version":2}},"categories":[21,3],"tags":[22,25,134],"class_list":["post-22644","post","type-post","status-publish","format-standard","has-post-thumbnail","hentry","category-aguascalientes","category-municipio-aguascalientes","tag-aguascalientes","tag-mpio-aguascalientes","tag-mpio-aguascalientes-imjuva"],"jetpack_publicize_connections":[],"jetpack_featured_media_url":"https:\/\/i0.wp.com\/informativoelvalledeaguascalientes.online\/wp-content\/uploads\/2021\/08\/76A407BF-C811-4137-A947-51B094715CD2.jpeg?fit=2400%2C1600&ssl=1","jetpack-related-posts":[],"jetpack_sharing_enabled":true,"jetpack_likes_enabled":true,"_links":{"self":[{"href":"https:\/\/informativoelvalledeaguascalientes.online\/index.php?rest_route=\/wp\/v2\/posts\/22644","targetHints":{"allow":["GET"]}}],"collection":[{"href":"https:\/\/informativoelvalledeaguascalientes.online\/index.php?rest_route=\/wp\/v2\/posts"}],"about":[{"href":"https:\/\/informativoelvalledeaguascalientes.online\/index.php?rest_route=\/wp\/v2\/types\/post"}],"author":[{"embeddable":true,"href":"https:\/\/informativoelvalledeaguascalientes.online\/index.php?rest_route=\/wp\/v2\/users\/1"}],"replies":[{"embeddable":true,"href":"https:\/\/informativoelvalledeaguascalientes.online\/index.php?rest_route=%2Fwp%2Fv2%2Fcomments&post=22644"}],"version-history":[{"count":1,"href":"https:\/\/informativoelvalledeaguascalientes.online\/index.php?rest_route=\/wp\/v2\/posts\/22644\/revisions"}],"predecessor-version":[{"id":22646,"href":"https:\/\/informativoelvalledeaguascalientes.online\/index.php?rest_route=\/wp\/v2\/posts\/22644\/revisions\/22646"}],"wp:featuredmedia":[{"embeddable":true,"href":"https:\/\/informativoelvalledeaguascalientes.online\/index.php?rest_route=\/wp\/v2\/media\/22645"}],"wp:attachment":[{"href":"https:\/\/informativoelvalledeaguascalientes.online\/index.php?rest_route=%2Fwp%2Fv2%2Fmedia&parent=22644"}],"wp:term":[{"taxonomy":"category","embeddable":true,"href":"https:\/\/informativoelvalledeaguascalientes.online\/index.php?rest_route=%2Fwp%2Fv2%2Fcategories&post=22644"},{"taxonomy":"post_tag","embeddable":true,"href":"https:\/\/informativoelvalledeaguascalientes.online\/index.php?rest_route=%2Fwp%2Fv2%2Ftags&post=22644"}],"curies":[{"name":"wp","href":"https:\/\/api.w.org\/{rel}","templated":true}]}}