{"id":22525,"date":"2021-08-25T19:50:02","date_gmt":"2021-08-26T01:50:02","guid":{"rendered":"https:\/\/informativoelvalledeaguascalientes.online\/?p=22525"},"modified":"2021-08-25T19:50:02","modified_gmt":"2021-08-26T01:50:02","slug":"se-instala-organo-ciudadano-de-la-sefam","status":"publish","type":"post","link":"https:\/\/informativoelvalledeaguascalientes.online\/?p=22525","title":{"rendered":"SE INSTALA \u00d3RGANO CIUDADANO DE LA SEFAM"},"content":{"rendered":"<p dir=\"ltr\">\n#informativoelvalledeaguascalientes , #novaradioaguascalientes<\/p>\n<ul>\n<li dir=\"ltr\">\n<p dir=\"ltr\" role=\"presentation\">Una de las primeras estrategias ser\u00e1 el rescate del Bordo Santa Elena para convertirla en un \u00e1rea para las familias del oriente de la ciudad<\/p>\n<\/li>\n<li dir=\"ltr\">\n<p dir=\"ltr\" role=\"presentation\">El \u00d3rgano Ciudadano tiene como objetivo fortalecer el bienestar y desarrollo arm\u00f3nico de las familias del estado<\/p>\n<\/li>\n<\/ul>\n<p dir=\"ltr\">Dando continuidad a las acciones de la Secretar\u00eda de la Familia (SEFAM), el gobernador Mart\u00edn Orozco Sandoval y la presidenta del DIF Estatal, Yolanda Ram\u00edrez de Orozco, encabezaron la sesi\u00f3n en la que se instal\u00f3 el \u00d3rgano Ciudadano de dicha dependencia, el cual tendr\u00e1 el objetivo de dise\u00f1ar estrategias para el fortalecimiento de las familias en la entidad.<\/p>\n<p dir=\"ltr\">El mandatario estatal destac\u00f3 que con la uni\u00f3n entre el gobierno y el \u00e1mbito ciudadano, se dar\u00e1 un mayor impulso a las pol\u00edticas p\u00fablicas dirigidas a las familias aguascalentenses; sin embargo, mencion\u00f3 que la funci\u00f3n de este \u00d3rgano no solo ser\u00e1 limitar\u00e1 a proponer soluciones a las diferentes problem\u00e1ticas, sino tambi\u00e9n aplicarlas y paso a paso dar resultados.<\/p>\n<p dir=\"ltr\">Mart\u00edn Orozco se\u00f1al\u00f3 que una de las primeras estrategias en la que ya trabaja la SEFAM es el rescate del Bordo Santa Elena, por lo que llam\u00f3 al \u00d3rgano Ciudadano a enfocar los esfuerzos para darle rumbo a este proyecto, el cual se convertir\u00e1 en un \u00e1rea de recreaci\u00f3n y esparcimiento para las familias del oriente de la capital.<\/p>\n<p dir=\"ltr\">Finalmente, expuso que a diferencia de otras entidades, Aguascalientes lleva ventaja en materia de pol\u00edticas p\u00fablicas dirigidas a las familias, por lo que su administraci\u00f3n mantendr\u00e1 los trabajos en este sentido, buscando un mayor bienestar y calidad de vida de cada uno de los integrantes del n\u00facleo familiar.<\/p>\n<p dir=\"ltr\">Por su parte, Ramirez de Orozco reiter\u00f3 que el principal reto es la protecci\u00f3n a la familia, fomentando, promoviendo e impulsando los\u00a0 valores destinados a fortalecer la c\u00e9lula b\u00e1sica de la sociedad. Adem\u00e1s, reconoci\u00f3 el inter\u00e9s y la uni\u00f3n de voluntades de las y los integrantes del \u00d3rgano para la suma de acciones en favor de la reconstrucci\u00f3n del tejido social.<\/p>\n<p dir=\"ltr\">En su momento, Ignacio Soc\u00edas Piarnau, representante de la Federaci\u00f3n Internacional para el Desarrollo de la Familia, felicit\u00f3 al \u00d3rgano que se constituy\u00f3 en materia de perspectiva familiar. Mencion\u00f3 que la unidad en la familia es el agente fundamental para el desarrollo de las ciudades, por lo que debe de ser un tema de importancia en los gobiernos para las pr\u00f3ximas generaciones.<\/p>\n<p dir=\"ltr\">Adem\u00e1s, el director general del Instituto de An\u00e1lisis de Pol\u00edtica Familiar, Juan Antonio L\u00f3pez Baljarg, reconoci\u00f3 la labor de Orozco Sandoval para crear la primera Secretar\u00eda de la Familia en el pa\u00eds.<\/p>\n<p dir=\"ltr\">La directora del DIF, Karla Yazm\u00edn Esparza Lazalde, agradeci\u00f3 al mandatario y a los miembros que conforman dicha organizaci\u00f3n ciudadana en cumplimiento a la ley estatal de asistencia social e integraci\u00f3n familiar.<\/p>\n<p dir=\"ltr\">Cabe se\u00f1alar que el \u00d3rgano Ciudadano lo confirman representantes del Gobierno Estatal, el Congreso del Estado, sector acad\u00e9mico, as\u00ed como organizaciones civiles y empresariales<\/p>\n","protected":false},"excerpt":{"rendered":"<p>#informativoelvalledeaguascalientes , #novaradioaguascalientes Una de las primeras estrategias ser\u00e1 el rescate del Bordo Santa Elena para convertirla en un \u00e1rea para las familias del oriente de la ciudad El \u00d3rgano Ciudadano tiene como objetivo fortalecer el bienestar y desarrollo arm\u00f3nico de las familias del estado Dando continuidad a las acciones de la Secretar\u00eda de la [&hellip;]<\/p>\n","protected":false},"author":1,"featured_media":22526,"comment_status":"closed","ping_status":"open","sticky":false,"template":"","format":"standard","meta":{"advanced_seo_description":"","jetpack_seo_html_title":"","jetpack_seo_noindex":false,"_jetpack_memberships_contains_paid_content":false,"footnotes":"","jetpack_publicize_message":"","jetpack_publicize_feature_enabled":true,"jetpack_social_post_already_shared":true,"jetpack_social_options":{"image_generator_settings":{"template":"highway","default_image_id":0,"font":"","enabled":false},"version":2}},"categories":[21,4],"tags":[22,65,426],"class_list":["post-22525","post","type-post","status-publish","format-standard","has-post-thumbnail","hentry","category-aguascalientes","category-gobierno-del-estado-aguascalientes","tag-aguascalientes","tag-dif-estatal-aguascalientes","tag-sefam"],"jetpack_publicize_connections":[],"jetpack_featured_media_url":"https:\/\/i0.wp.com\/informativoelvalledeaguascalientes.online\/wp-content\/uploads\/2021\/08\/WhatsApp-Image-2021-08-25-at-1.40.47-PM-3.jpeg?fit=1280%2C1076&ssl=1","jetpack-related-posts":[],"jetpack_sharing_enabled":true,"jetpack_likes_enabled":true,"_links":{"self":[{"href":"https:\/\/informativoelvalledeaguascalientes.online\/index.php?rest_route=\/wp\/v2\/posts\/22525","targetHints":{"allow":["GET"]}}],"collection":[{"href":"https:\/\/informativoelvalledeaguascalientes.online\/index.php?rest_route=\/wp\/v2\/posts"}],"about":[{"href":"https:\/\/informativoelvalledeaguascalientes.online\/index.php?rest_route=\/wp\/v2\/types\/post"}],"author":[{"embeddable":true,"href":"https:\/\/informativoelvalledeaguascalientes.online\/index.php?rest_route=\/wp\/v2\/users\/1"}],"replies":[{"embeddable":true,"href":"https:\/\/informativoelvalledeaguascalientes.online\/index.php?rest_route=%2Fwp%2Fv2%2Fcomments&post=22525"}],"version-history":[{"count":1,"href":"https:\/\/informativoelvalledeaguascalientes.online\/index.php?rest_route=\/wp\/v2\/posts\/22525\/revisions"}],"predecessor-version":[{"id":22527,"href":"https:\/\/informativoelvalledeaguascalientes.online\/index.php?rest_route=\/wp\/v2\/posts\/22525\/revisions\/22527"}],"wp:featuredmedia":[{"embeddable":true,"href":"https:\/\/informativoelvalledeaguascalientes.online\/index.php?rest_route=\/wp\/v2\/media\/22526"}],"wp:attachment":[{"href":"https:\/\/informativoelvalledeaguascalientes.online\/index.php?rest_route=%2Fwp%2Fv2%2Fmedia&parent=22525"}],"wp:term":[{"taxonomy":"category","embeddable":true,"href":"https:\/\/informativoelvalledeaguascalientes.online\/index.php?rest_route=%2Fwp%2Fv2%2Fcategories&post=22525"},{"taxonomy":"post_tag","embeddable":true,"href":"https:\/\/informativoelvalledeaguascalientes.online\/index.php?rest_route=%2Fwp%2Fv2%2Ftags&post=22525"}],"curies":[{"name":"wp","href":"https:\/\/api.w.org\/{rel}","templated":true}]}}