{"id":22521,"date":"2021-08-25T19:46:05","date_gmt":"2021-08-26T01:46:05","guid":{"rendered":"https:\/\/informativoelvalledeaguascalientes.online\/?p=22521"},"modified":"2021-08-25T19:46:05","modified_gmt":"2021-08-26T01:46:05","slug":"issea-y-el-hospital-de-la-mujer-fomentan-la-aplicacion-de-la-prueba-del-papanicolaou","status":"publish","type":"post","link":"https:\/\/informativoelvalledeaguascalientes.online\/?p=22521","title":{"rendered":"ISSEA Y EL HOSPITAL DE LA MUJER FOMENTAN LA APLICACI\u00d3N DE LA PRUEBA DEL PAPANICOLAOU"},"content":{"rendered":"<p dir=\"ltr\">\n#informativoelvalledeaguascalientes , #novaradioaguascalientes<\/p>\n<p>&nbsp;<\/p>\n<ul>\n<li dir=\"ltr\">\n<p dir=\"ltr\" role=\"presentation\">Se trata de una herramienta preventiva o que en determinados casos puede mejorar la calidad de vida de quienes padecen c\u00e1ncer cervicouterino<\/p>\n<\/li>\n<li dir=\"ltr\">\n<p dir=\"ltr\" role=\"presentation\">Las interesadas deben acudir a solicitar informes sobre las citas disponibles y el procedimiento a seguir<\/p>\n<\/li>\n<\/ul>\n<p>&nbsp;<\/p>\n<p dir=\"ltr\">La aplicaci\u00f3n de la prueba del Papanicolaou es la principal herramienta para detectar de forma oportuna el c\u00e1ncer cervicouterino o de cuello uterino, por lo que en el Hospital de la Mujer se trabaja de forma permanente en el combate a esta grave enfermedad.<\/p>\n<p>&nbsp;<\/p>\n<p dir=\"ltr\">El especialista de este hospital, Omar Camarillo, explic\u00f3 que el c\u00e1ncer cervicouterino es la segunda causa de c\u00e1ncer m\u00e1s frecuente entre las mujeres de 25 a 64 a\u00f1os de edad, por lo que de manera permanente, se fomenta entre las pacientes la realizaci\u00f3n de esta prueba, como una estrategia preventiva o que en determinados casos pueda mejorar la calidad de vida de quienes lo padezcan.<\/p>\n<p>&nbsp;<\/p>\n<p dir=\"ltr\">El ginecobstetra mencion\u00f3 que la mayor\u00eda de los casos confirmados de c\u00e1ncer cervicouterino son mujeres que no se colocaron la vacuna contra el Papiloma Humano durante su infancia o adolescencia, por lo que dijo que si la paciente no se somete a la prueba del Papanicolaou, puede enfrentar mayores posibilidades de desarrollar esta enfermedad.<\/p>\n<p>&nbsp;<\/p>\n<p dir=\"ltr\">Agreg\u00f3 que la frecuencia con que las mujeres se deben realizar esta prueba depende de la edad que tengan, si tienen entre 21 y 29 a\u00f1os, se deben realizar el Papanicolaou cada 3 a\u00f1os, pero si tienen entre 30 y 65 a\u00f1os hay tres opciones; la primera aplicarse la prueba cada tres a\u00f1os, la segunda hacerse la prueba para la detecci\u00f3n del virus del Papiloma Humano cada 5 a\u00f1os y la tercera, hacerse la prueba del Papanicolaou y la prueba del VPH cada 5 a\u00f1os.<\/p>\n<p>&nbsp;<\/p>\n<p dir=\"ltr\">Finalmente, el especialista mencion\u00f3 que en el Hospital de la Mujer todos los d\u00edas realizan este tipo de prueba, por lo que las interesadas deben acudir a solicitar informes sobre las citas disponibles y el procedimiento a seguir.<\/p>\n","protected":false},"excerpt":{"rendered":"<p>#informativoelvalledeaguascalientes , #novaradioaguascalientes &nbsp; Se trata de una herramienta preventiva o que en determinados casos puede mejorar la calidad de vida de quienes padecen c\u00e1ncer cervicouterino Las interesadas deben acudir a solicitar informes sobre las citas disponibles y el procedimiento a seguir &nbsp; La aplicaci\u00f3n de la prueba del Papanicolaou es la principal herramienta para [&hellip;]<\/p>\n","protected":false},"author":1,"featured_media":22522,"comment_status":"closed","ping_status":"open","sticky":false,"template":"","format":"standard","meta":{"advanced_seo_description":"","jetpack_seo_html_title":"","jetpack_seo_noindex":false,"_jetpack_memberships_contains_paid_content":false,"footnotes":"","jetpack_publicize_message":"","jetpack_publicize_feature_enabled":true,"jetpack_social_post_already_shared":true,"jetpack_social_options":{"image_generator_settings":{"template":"highway","default_image_id":0,"font":"","enabled":false},"version":2}},"categories":[21,4],"tags":[22,30],"class_list":["post-22521","post","type-post","status-publish","format-standard","has-post-thumbnail","hentry","category-aguascalientes","category-gobierno-del-estado-aguascalientes","tag-aguascalientes","tag-issea"],"jetpack_publicize_connections":[],"jetpack_featured_media_url":"https:\/\/i0.wp.com\/informativoelvalledeaguascalientes.online\/wp-content\/uploads\/2021\/08\/WhatsApp-Image-2021-08-25-at-10.12.23-AM-1.jpeg?fit=1280%2C720&ssl=1","jetpack-related-posts":[],"jetpack_sharing_enabled":true,"jetpack_likes_enabled":true,"_links":{"self":[{"href":"https:\/\/informativoelvalledeaguascalientes.online\/index.php?rest_route=\/wp\/v2\/posts\/22521","targetHints":{"allow":["GET"]}}],"collection":[{"href":"https:\/\/informativoelvalledeaguascalientes.online\/index.php?rest_route=\/wp\/v2\/posts"}],"about":[{"href":"https:\/\/informativoelvalledeaguascalientes.online\/index.php?rest_route=\/wp\/v2\/types\/post"}],"author":[{"embeddable":true,"href":"https:\/\/informativoelvalledeaguascalientes.online\/index.php?rest_route=\/wp\/v2\/users\/1"}],"replies":[{"embeddable":true,"href":"https:\/\/informativoelvalledeaguascalientes.online\/index.php?rest_route=%2Fwp%2Fv2%2Fcomments&post=22521"}],"version-history":[{"count":1,"href":"https:\/\/informativoelvalledeaguascalientes.online\/index.php?rest_route=\/wp\/v2\/posts\/22521\/revisions"}],"predecessor-version":[{"id":22523,"href":"https:\/\/informativoelvalledeaguascalientes.online\/index.php?rest_route=\/wp\/v2\/posts\/22521\/revisions\/22523"}],"wp:featuredmedia":[{"embeddable":true,"href":"https:\/\/informativoelvalledeaguascalientes.online\/index.php?rest_route=\/wp\/v2\/media\/22522"}],"wp:attachment":[{"href":"https:\/\/informativoelvalledeaguascalientes.online\/index.php?rest_route=%2Fwp%2Fv2%2Fmedia&parent=22521"}],"wp:term":[{"taxonomy":"category","embeddable":true,"href":"https:\/\/informativoelvalledeaguascalientes.online\/index.php?rest_route=%2Fwp%2Fv2%2Fcategories&post=22521"},{"taxonomy":"post_tag","embeddable":true,"href":"https:\/\/informativoelvalledeaguascalientes.online\/index.php?rest_route=%2Fwp%2Fv2%2Ftags&post=22521"}],"curies":[{"name":"wp","href":"https:\/\/api.w.org\/{rel}","templated":true}]}}