{"id":22487,"date":"2021-08-24T21:25:12","date_gmt":"2021-08-25T03:25:12","guid":{"rendered":"https:\/\/informativoelvalledeaguascalientes.online\/?p=22487"},"modified":"2021-08-24T21:25:12","modified_gmt":"2021-08-25T03:25:12","slug":"casi-100-jovenes-colaboran-en-programa-de-becarios-de-la-secretaria-de-desarrollo-social","status":"publish","type":"post","link":"https:\/\/informativoelvalledeaguascalientes.online\/?p=22487","title":{"rendered":"CASI 100 J\u00d3VENES COLABORAN EN PROGRAMA DE BECARIOS DE LA SECRETAR\u00cdA DE DESARROLLO SOCIAL"},"content":{"rendered":"<p>#informativoelvalledeaguascalientes , #novaradioaguascalientes<\/p>\n<ul>\n<li dir=\"ltr\">\n<p dir=\"ltr\" role=\"presentation\">Los universitarios de distintas instituciones de educaci\u00f3n superior se benefician econ\u00f3mica, social y profesionalmente con este programa<\/p>\n<\/li>\n<li dir=\"ltr\">\n<p dir=\"ltr\" role=\"presentation\">La\u00a0 formaci\u00f3n universitaria en Aguascalientes busca cimentar valores, actitud de servicio y sensibilidad humana en los estudiantes<\/p>\n<\/li>\n<\/ul>\n<p dir=\"ltr\">Cerca de 100 universitarios de Aguascalientes participan en el Programa de Becarios J\u00f3venes con Esp\u00edritu de Servicio, proyecto dise\u00f1ado con el fin de que los alumnos apliquen sus conocimientos en \u00e1reas del servicio p\u00fablico del estado y tomen experiencia para un mejor desempe\u00f1o profesional.<\/p>\n<p dir=\"ltr\">As\u00ed lo se\u00f1al\u00f3 el gobernador Mart\u00edn Orozco Sandoval al encabezar la entrega de constancias a estos j\u00f3venes que participaron en el Programa de Becarios, impulsado por la Secretar\u00eda de Desarrollo Social (SEDESO).<\/p>\n<p dir=\"ltr\">El gobernador destac\u00f3 que m\u00e1s all\u00e1 de los logros en materia econ\u00f3mica que un profesionista pueda alcanzar, la formaci\u00f3n universitaria en Aguascalientes busca cimentar valores, actitud de servicio y sensibilidad humana en los estudiantes, por lo que con este tipo de becas se incentiva ese desarrollo integral, a la par que se estimula econ\u00f3micamente a los j\u00f3venes, para que contin\u00faen con su formaci\u00f3n.<\/p>\n<p dir=\"ltr\">Por su parte, Jos\u00e9 Ra\u00fal L\u00f3pez, estudiante beneficiario de este programa, dijo que con el programa de becarios de la SEDESO, \u00e9l y sus compa\u00f1eros provenientes de 15 universidades locales pueden acercarse a la realidad y conocer el mundo al que se insertar\u00e1n laboralmente, en un beneficio bilateral para el desarrollo del estado y su propio desarrollo profesional.<\/p>\n<p dir=\"ltr\">Finalmente, Humberto Montero de Alba, titular de la SEDESO, refiri\u00f3 que se buscar\u00e1 realizar otra edici\u00f3n de este programa, ya que en esta ocasi\u00f3n fueron casi 100 los estudiantes de diversas universidades p\u00fablicas y privadas del estado, los que se beneficiaron a trav\u00e9s de un incentivo econ\u00f3mico mensual y la posibilidad de liberar su servicio y\/o pr\u00e1cticas profesionales, seg\u00fan sea el caso.<\/p>\n","protected":false},"excerpt":{"rendered":"<p>#informativoelvalledeaguascalientes , #novaradioaguascalientes Los universitarios de distintas instituciones de educaci\u00f3n superior se benefician econ\u00f3mica, social y profesionalmente con este programa La\u00a0 formaci\u00f3n universitaria en Aguascalientes busca cimentar valores, actitud de servicio y sensibilidad humana en los estudiantes Cerca de 100 universitarios de Aguascalientes participan en el Programa de Becarios J\u00f3venes con Esp\u00edritu de Servicio, proyecto [&hellip;]<\/p>\n","protected":false},"author":1,"featured_media":22488,"comment_status":"closed","ping_status":"open","sticky":false,"template":"","format":"standard","meta":{"advanced_seo_description":"","jetpack_seo_html_title":"","jetpack_seo_noindex":false,"_jetpack_memberships_contains_paid_content":false,"footnotes":"","jetpack_publicize_message":"","jetpack_publicize_feature_enabled":true,"jetpack_social_post_already_shared":true,"jetpack_social_options":{"image_generator_settings":{"template":"highway","default_image_id":0,"font":"","enabled":false},"version":2}},"categories":[21,4],"tags":[22,24],"class_list":["post-22487","post","type-post","status-publish","format-standard","has-post-thumbnail","hentry","category-aguascalientes","category-gobierno-del-estado-aguascalientes","tag-aguascalientes","tag-sedeso"],"jetpack_publicize_connections":[],"jetpack_featured_media_url":"https:\/\/i0.wp.com\/informativoelvalledeaguascalientes.online\/wp-content\/uploads\/2021\/08\/WhatsApp-Image-2021-08-24-at-2.21.12-PM.jpeg?fit=1600%2C1065&ssl=1","jetpack-related-posts":[],"jetpack_sharing_enabled":true,"jetpack_likes_enabled":true,"_links":{"self":[{"href":"https:\/\/informativoelvalledeaguascalientes.online\/index.php?rest_route=\/wp\/v2\/posts\/22487","targetHints":{"allow":["GET"]}}],"collection":[{"href":"https:\/\/informativoelvalledeaguascalientes.online\/index.php?rest_route=\/wp\/v2\/posts"}],"about":[{"href":"https:\/\/informativoelvalledeaguascalientes.online\/index.php?rest_route=\/wp\/v2\/types\/post"}],"author":[{"embeddable":true,"href":"https:\/\/informativoelvalledeaguascalientes.online\/index.php?rest_route=\/wp\/v2\/users\/1"}],"replies":[{"embeddable":true,"href":"https:\/\/informativoelvalledeaguascalientes.online\/index.php?rest_route=%2Fwp%2Fv2%2Fcomments&post=22487"}],"version-history":[{"count":1,"href":"https:\/\/informativoelvalledeaguascalientes.online\/index.php?rest_route=\/wp\/v2\/posts\/22487\/revisions"}],"predecessor-version":[{"id":22489,"href":"https:\/\/informativoelvalledeaguascalientes.online\/index.php?rest_route=\/wp\/v2\/posts\/22487\/revisions\/22489"}],"wp:featuredmedia":[{"embeddable":true,"href":"https:\/\/informativoelvalledeaguascalientes.online\/index.php?rest_route=\/wp\/v2\/media\/22488"}],"wp:attachment":[{"href":"https:\/\/informativoelvalledeaguascalientes.online\/index.php?rest_route=%2Fwp%2Fv2%2Fmedia&parent=22487"}],"wp:term":[{"taxonomy":"category","embeddable":true,"href":"https:\/\/informativoelvalledeaguascalientes.online\/index.php?rest_route=%2Fwp%2Fv2%2Fcategories&post=22487"},{"taxonomy":"post_tag","embeddable":true,"href":"https:\/\/informativoelvalledeaguascalientes.online\/index.php?rest_route=%2Fwp%2Fv2%2Ftags&post=22487"}],"curies":[{"name":"wp","href":"https:\/\/api.w.org\/{rel}","templated":true}]}}