{"id":22440,"date":"2021-08-23T20:55:34","date_gmt":"2021-08-24T02:55:34","guid":{"rendered":"https:\/\/informativoelvalledeaguascalientes.online\/?p=22440"},"modified":"2021-08-23T20:55:34","modified_gmt":"2021-08-24T02:55:34","slug":"tere-jimenez-y-tono-arambula-ponen-en-marcha-ventanilla-de-tramites-de-jesus-maria-en-el-cam","status":"publish","type":"post","link":"https:\/\/informativoelvalledeaguascalientes.online\/?p=22440","title":{"rendered":"TERE JIM\u00c9NEZ Y TO\u00d1O AR\u00c1MBULA PONEN EN MARCHA VENTANILLA DE TR\u00c1MITES DE JES\u00daS MAR\u00cdA EN EL CAM"},"content":{"rendered":"<p>#informativoelvalledeaguascalientes , #novaradioaguascalientes<\/p>\n<p>La ma\u00f1ana de este lunes, los alcaldes\u00a0<strong>Tere Jim\u00e9nez<\/strong>\u00a0y\u00a0<strong>Jos\u00e9 Antonio Ar\u00e1mbula L\u00f3pez\u00a0<\/strong>encabezaron la apertura de la ventanilla \u00fanica de tr\u00e1mites de Jes\u00fas Mar\u00eda en el Centro de Atenci\u00f3n Municipal (CAM), a trav\u00e9s de la cual las personas podr\u00e1n realizar pagos relacionados con el predial, agua y multas de tr\u00e1nsito generadas en Jes\u00fas Mar\u00eda.<\/p>\n<p><strong>Tere\u00a0<\/strong><strong>Jim\u00e9nez<\/strong>\u00a0se\u00f1al\u00f3 que el CAM ha sido reconocido como un espacio innovador en el que se facilita a la poblaci\u00f3n la gesti\u00f3n de tr\u00e1mites en un solo lugar. Con la firma de un convenio de colaboraci\u00f3n administrativa entre ambos Municipios, fortalece el trabajo coordinado con los ayuntamientos de la zona metropolitana, para implementar mejores pr\u00e1cticas que eleven la calidad de los servicios p\u00fablicos y tener una mayor cercan\u00eda con la ciudadan\u00eda.<\/p>\n<p>En su intervenci\u00f3n,\u00a0<strong>Jos\u00e9 Antonio Ar\u00e1mbula L\u00f3pez<\/strong>\u00a0destac\u00f3 el liderazgo de\u00a0<strong>Tere Jim\u00e9nez<\/strong>\u00a0para consolidar un proyecto como el CAM, as\u00ed como el impulso que ha dado a la consolidaci\u00f3n de un gobierno digital.<\/p>\n<p>Adem\u00e1s en este espacio, personal del municipio de Jes\u00fas Mar\u00eda brindar\u00e1 asesor\u00edas a la poblaci\u00f3n interesada respecto a los tr\u00e1mites relacionados con la apertura de empresas y permisos de construcci\u00f3n, evitando que los ciudadanos realicen traslados innecesarios.<\/p>\n","protected":false},"excerpt":{"rendered":"<p>#informativoelvalledeaguascalientes , #novaradioaguascalientes La ma\u00f1ana de este lunes, los alcaldes\u00a0Tere Jim\u00e9nez\u00a0y\u00a0Jos\u00e9 Antonio Ar\u00e1mbula L\u00f3pez\u00a0encabezaron la apertura de la ventanilla \u00fanica de tr\u00e1mites de Jes\u00fas Mar\u00eda en el Centro de Atenci\u00f3n Municipal (CAM), a trav\u00e9s de la cual las personas podr\u00e1n realizar pagos relacionados con el predial, agua y multas de tr\u00e1nsito generadas en Jes\u00fas Mar\u00eda. [&hellip;]<\/p>\n","protected":false},"author":1,"featured_media":22441,"comment_status":"closed","ping_status":"open","sticky":false,"template":"","format":"standard","meta":{"advanced_seo_description":"","jetpack_seo_html_title":"","jetpack_seo_noindex":false,"_jetpack_memberships_contains_paid_content":false,"footnotes":"","jetpack_publicize_message":"","jetpack_publicize_feature_enabled":true,"jetpack_social_post_already_shared":true,"jetpack_social_options":{"image_generator_settings":{"template":"highway","default_image_id":0,"font":"","enabled":false},"version":2}},"categories":[21,3],"tags":[22,25,92],"class_list":["post-22440","post","type-post","status-publish","format-standard","has-post-thumbnail","hentry","category-aguascalientes","category-municipio-aguascalientes","tag-aguascalientes","tag-mpio-aguascalientes","tag-mpio-aguascalientes-cam"],"jetpack_publicize_connections":[],"jetpack_featured_media_url":"https:\/\/i0.wp.com\/informativoelvalledeaguascalientes.online\/wp-content\/uploads\/2021\/08\/DSC_0880-1.jpg?fit=854%2C874&ssl=1","jetpack-related-posts":[],"jetpack_sharing_enabled":true,"jetpack_likes_enabled":true,"_links":{"self":[{"href":"https:\/\/informativoelvalledeaguascalientes.online\/index.php?rest_route=\/wp\/v2\/posts\/22440","targetHints":{"allow":["GET"]}}],"collection":[{"href":"https:\/\/informativoelvalledeaguascalientes.online\/index.php?rest_route=\/wp\/v2\/posts"}],"about":[{"href":"https:\/\/informativoelvalledeaguascalientes.online\/index.php?rest_route=\/wp\/v2\/types\/post"}],"author":[{"embeddable":true,"href":"https:\/\/informativoelvalledeaguascalientes.online\/index.php?rest_route=\/wp\/v2\/users\/1"}],"replies":[{"embeddable":true,"href":"https:\/\/informativoelvalledeaguascalientes.online\/index.php?rest_route=%2Fwp%2Fv2%2Fcomments&post=22440"}],"version-history":[{"count":1,"href":"https:\/\/informativoelvalledeaguascalientes.online\/index.php?rest_route=\/wp\/v2\/posts\/22440\/revisions"}],"predecessor-version":[{"id":22442,"href":"https:\/\/informativoelvalledeaguascalientes.online\/index.php?rest_route=\/wp\/v2\/posts\/22440\/revisions\/22442"}],"wp:featuredmedia":[{"embeddable":true,"href":"https:\/\/informativoelvalledeaguascalientes.online\/index.php?rest_route=\/wp\/v2\/media\/22441"}],"wp:attachment":[{"href":"https:\/\/informativoelvalledeaguascalientes.online\/index.php?rest_route=%2Fwp%2Fv2%2Fmedia&parent=22440"}],"wp:term":[{"taxonomy":"category","embeddable":true,"href":"https:\/\/informativoelvalledeaguascalientes.online\/index.php?rest_route=%2Fwp%2Fv2%2Fcategories&post=22440"},{"taxonomy":"post_tag","embeddable":true,"href":"https:\/\/informativoelvalledeaguascalientes.online\/index.php?rest_route=%2Fwp%2Fv2%2Ftags&post=22440"}],"curies":[{"name":"wp","href":"https:\/\/api.w.org\/{rel}","templated":true}]}}