{"id":22424,"date":"2021-08-23T08:47:28","date_gmt":"2021-08-23T14:47:28","guid":{"rendered":"https:\/\/informativoelvalledeaguascalientes.online\/?p=22424"},"modified":"2021-08-23T08:47:28","modified_gmt":"2021-08-23T14:47:28","slug":"luar-ceballos-de-leon-busca-la-secretaria-general-del-cde-del-pri-aguascalientes","status":"publish","type":"post","link":"https:\/\/informativoelvalledeaguascalientes.online\/?p=22424","title":{"rendered":"LUAR CEBALLOS DE LE\u00d3N BUSCA LA SECRETAR\u00cdA GENERAL DEL CDE DEL PRI AGUASCALIENTES\u00a0"},"content":{"rendered":"<p style=\"font-weight: 400;\">#informativoelvalledeaguascalientes #novaradioaguascalientes<\/p>\n<p style=\"font-weight: 400;\">\n<p style=\"font-weight: 400;\">Luar Ceballos de Le\u00f3n, listo con una trayectoria partidista impecable para participar en la renovaci\u00f3n inminente de la dirigencia, busca la secretar\u00eda general del Comit\u00e9 Directivo Estatal del PRI en Aguascalientes.<\/p>\n<p style=\"font-weight: 400;\">\n<p style=\"font-weight: 400;\">Un joven con vocaci\u00f3n y formaci\u00f3n priista que ha destacado en el \u00e1mbito pol\u00edtico-social de Aguascalientes, con una amplia trayectoria en el servicio p\u00fablico, convencido de que se debe gobernar para progresar y transformar la realidad de las personas.<\/p>\n<p style=\"font-weight: 400;\">\n<p style=\"font-weight: 400;\">\u201cEn el PRI debe haber transici\u00f3n necesaria y urgente, requerimos un PRI con un nuevo rostro, con ideas nuevas, con equilibrio de fuerzas, que sea emp\u00e1tico, que en verdad exista uni\u00f3n, consensos, con respeto y tolerancia a las cr\u00edticas y convertirlas en propuestas, con trabajo y m\u00e1s trabajo levantando voluntades, con una dirigencia que sea gu\u00eda, que rinda cuentas y sea transparente\u201d, apunt\u00f3.<\/p>\n<p style=\"font-weight: 400;\">\n<p style=\"font-weight: 400;\">Trayectoria partidista: Miembro activo del PRI desde el a\u00f1o 2005; Coordinador de Campa\u00f1as en el a\u00f1o 2007 en el Distrito XI; Auxiliar del Pleno LXI Legislatura; Asesor en el Congreso del Estado y Diputado Suplente en la LXII Legislatura; Delegado Distrital del Distrito XI del a\u00f1o 2007 al a\u00f1o 2014; Consejero Municipal; Consejero Estatal; Coordinador de Campa\u00f1a en el Distrito XI, elecci\u00f3n a\u00f1o 2013; Sub Secretario de Organizaci\u00f3n CDE ejercicio 2015; Secretario General Adjunto CDE del PRI a\u00f1o 2018; Secretario de Organizaci\u00f3n del CDE del PRI a\u00f1o 2019, actualmente Secretario de Gesti\u00f3n Social del CDE del PRI Aguascalientes.<\/p>\n","protected":false},"excerpt":{"rendered":"<p>#informativoelvalledeaguascalientes #novaradioaguascalientes Luar Ceballos de Le\u00f3n, listo con una trayectoria partidista impecable para participar en la renovaci\u00f3n inminente de la dirigencia, busca la secretar\u00eda general del Comit\u00e9 Directivo Estatal del PRI en Aguascalientes. Un joven con vocaci\u00f3n y formaci\u00f3n priista que ha destacado en el \u00e1mbito pol\u00edtico-social de Aguascalientes, con una amplia trayectoria en el [&hellip;]<\/p>\n","protected":false},"author":1,"featured_media":22425,"comment_status":"closed","ping_status":"open","sticky":false,"template":"","format":"standard","meta":{"advanced_seo_description":"","jetpack_seo_html_title":"","jetpack_seo_noindex":false,"_jetpack_memberships_contains_paid_content":false,"footnotes":"","jetpack_publicize_message":"","jetpack_publicize_feature_enabled":true,"jetpack_social_post_already_shared":true,"jetpack_social_options":{"image_generator_settings":{"template":"highway","default_image_id":0,"font":"","enabled":false},"version":2}},"categories":[21,9],"tags":[22,33],"class_list":["post-22424","post","type-post","status-publish","format-standard","has-post-thumbnail","hentry","category-aguascalientes","category-pri-aguascalientes","tag-aguascalientes","tag-pri-aguascalientes-cde"],"jetpack_publicize_connections":[],"jetpack_featured_media_url":"https:\/\/i0.wp.com\/informativoelvalledeaguascalientes.online\/wp-content\/uploads\/2021\/08\/Luar-Ceballos.jpg?fit=972%2C960&ssl=1","jetpack-related-posts":[],"jetpack_sharing_enabled":true,"jetpack_likes_enabled":true,"_links":{"self":[{"href":"https:\/\/informativoelvalledeaguascalientes.online\/index.php?rest_route=\/wp\/v2\/posts\/22424","targetHints":{"allow":["GET"]}}],"collection":[{"href":"https:\/\/informativoelvalledeaguascalientes.online\/index.php?rest_route=\/wp\/v2\/posts"}],"about":[{"href":"https:\/\/informativoelvalledeaguascalientes.online\/index.php?rest_route=\/wp\/v2\/types\/post"}],"author":[{"embeddable":true,"href":"https:\/\/informativoelvalledeaguascalientes.online\/index.php?rest_route=\/wp\/v2\/users\/1"}],"replies":[{"embeddable":true,"href":"https:\/\/informativoelvalledeaguascalientes.online\/index.php?rest_route=%2Fwp%2Fv2%2Fcomments&post=22424"}],"version-history":[{"count":1,"href":"https:\/\/informativoelvalledeaguascalientes.online\/index.php?rest_route=\/wp\/v2\/posts\/22424\/revisions"}],"predecessor-version":[{"id":22426,"href":"https:\/\/informativoelvalledeaguascalientes.online\/index.php?rest_route=\/wp\/v2\/posts\/22424\/revisions\/22426"}],"wp:featuredmedia":[{"embeddable":true,"href":"https:\/\/informativoelvalledeaguascalientes.online\/index.php?rest_route=\/wp\/v2\/media\/22425"}],"wp:attachment":[{"href":"https:\/\/informativoelvalledeaguascalientes.online\/index.php?rest_route=%2Fwp%2Fv2%2Fmedia&parent=22424"}],"wp:term":[{"taxonomy":"category","embeddable":true,"href":"https:\/\/informativoelvalledeaguascalientes.online\/index.php?rest_route=%2Fwp%2Fv2%2Fcategories&post=22424"},{"taxonomy":"post_tag","embeddable":true,"href":"https:\/\/informativoelvalledeaguascalientes.online\/index.php?rest_route=%2Fwp%2Fv2%2Ftags&post=22424"}],"curies":[{"name":"wp","href":"https:\/\/api.w.org\/{rel}","templated":true}]}}