{"id":22412,"date":"2021-08-23T08:15:53","date_gmt":"2021-08-23T14:15:53","guid":{"rendered":"https:\/\/informativoelvalledeaguascalientes.online\/?p=22412"},"modified":"2021-08-23T08:15:53","modified_gmt":"2021-08-23T14:15:53","slug":"tere-jimenez-una-alcaldesa-comprometida-con-el-medio-ambiente","status":"publish","type":"post","link":"https:\/\/informativoelvalledeaguascalientes.online\/?p=22412","title":{"rendered":"TERE JIM\u00c9NEZ, UNA ALCALDESA COMPROMETIDA CON EL MEDIO AMBIENTE"},"content":{"rendered":"<p>#informativoelvalledeaguascalientes #novaradioaguascalientes<\/p>\n<div class=\"opinion-section opinion-single-cover opinion-indent opinion-overlay\">\n<div class=\"container\">\n<div class=\"section-head row justify-content-center text-center\">\n<div class=\"col-12 col-md-8\">\n<div class=\"section-meta\"><\/div>\n<\/div>\n<\/div>\n<\/div>\n<\/div>\n<div class=\"opinion-section\">\n<div class=\"container\">\n<div class=\"section-content row justify-content-center\">\n<div class=\"col-12 col-lg-8 opinion-order-1\">\n<article class=\"opinion-post opinion-single post-33490 post type-post status-publish format-standard has-post-thumbnail hentry category-segundo-informe tag-yo-ya-lo-hice tag-areas-protegidas tag-cobos tag-informe-tere-jimenez tag-mezquitera-la-pona tag-revive-tu-arroyo tag-semadesu tag-tere-jimenez\">\n<div class=\"entry-content\">\n<ul>\n<li><strong>Tere Jim\u00e9nez logr\u00f3 la declaraci\u00f3n de las dos primeras \u00e1reas naturales protegidas de competencia municipal mezquitera La P<span title=\"Se ha encontrado un posible error ortogr\u00e1fico.\" data-type=\"misspelling\" data-suggestions=\"[{&quot;value&quot;:&quot;zona&quot;},{&quot;value&quot;:&quot;poca&quot;},{&quot;value&quot;:&quot;pone&quot;},{&quot;value&quot;:&quot;pueda&quot;},{&quot;value&quot;:&quot;do\u00f1a&quot;},{&quot;value&quot;:&quot;pena&quot;},{&quot;value&quot;:&quot;pon\u00eda&quot;}]\" data-rule=\"MORFOLOGIK_RULE_ES\" data-word=\"pona\">ona<\/span>\u00a0y\u00a0 Cobos<\/strong><\/li>\n<\/ul>\n<p><span title=\"Esta frase tiene m\u00e1s de 50 palabras. Considere la posibilidad de revisarla.\" data-type=\"grammar\" data-suggestions=\"[]\" data-rule=\"TOO_LONG_SENTENCE\" data-word=\"La Alcaldesa Tere Jim\u00e9nez a lo largo de su administraci\u00f3n municipal trabaj\u00f3 siempre con paso constante ante sus compromisos con la ciudadan\u00eda y el medio ambiente, con el objetivo principal de mejorar la calidad de vida de los habitantes de Aguascalientes en un entorno ambiental que favorezca el bienestar de todas y todos.\">La alcaldesa\u00a0<\/span><strong><span title=\"Esta frase tiene m\u00e1s de 50 palabras. Considere la posibilidad de revisarla.\" data-type=\"grammar\" data-suggestions=\"[]\" data-rule=\"TOO_LONG_SENTENCE\" data-word=\"La Alcaldesa Tere Jim\u00e9nez a lo largo de su administraci\u00f3n municipal trabaj\u00f3 siempre con paso constante ante sus compromisos con la ciudadan\u00eda y el medio ambiente, con el objetivo principal de mejorar la calidad de vida de los habitantes de Aguascalientes en un entorno ambiental que favorezca el bienestar de todas y todos.\">Tere Jim\u00e9nez<\/span><\/strong><span title=\"Esta frase tiene m\u00e1s de 50 palabras. Considere la posibilidad de revisarla.\" data-type=\"grammar\" data-suggestions=\"[]\" data-rule=\"TOO_LONG_SENTENCE\" data-word=\"La Alcaldesa Tere Jim\u00e9nez a lo largo de su administraci\u00f3n municipal trabaj\u00f3 siempre con paso constante ante sus compromisos con la ciudadan\u00eda y el medio ambiente, con el objetivo principal de mejorar la calidad de vida de los habitantes de Aguascalientes en un entorno ambiental que favorezca el bienestar de todas y todos.\">\u00a0 ha promovido programas integrales a favor del medio ambiente, con el objetivo principal de mejorar la calidad de vida de los habitantes de Aguascalientes.\u00a0<\/span>Durante cinco a\u00f1os a trav\u00e9s de la Secretar\u00eda de Medio Ambiente y Desarrollo Sustentable (<span title=\"Se ha encontrado un posible error ortogr\u00e1fico.\" data-type=\"misspelling\" data-suggestions=\"[{&quot;value&quot;:&quot;SEMANAS&quot;},{&quot;value&quot;:&quot;SE\u00d1ALES&quot;},{&quot;value&quot;:&quot;EDADES&quot;},{&quot;value&quot;:&quot;SEDES&quot;},{&quot;value&quot;:&quot;REMATES&quot;},{&quot;value&quot;:&quot;SUMADOS&quot;},{&quot;value&quot;:&quot;N\u00d3MADES&quot;}]\" data-rule=\"MORFOLOGIK_RULE_ES\" data-word=\"SEMADESU\">SEMADESU<\/span>), se llevaron a cabo acciones para potencializar en conjunto con la poblaci\u00f3n el desarrollo sostenible.<\/p>\n<p>De manera hist\u00f3rica,\u00a0<strong>Tere Jim\u00e9nez<\/strong>\u00a0logr\u00f3 la declaraci\u00f3n de las dos primeras \u00e1reas naturales protegidas de competencia municipal mezquitera La P<span title=\"Se ha encontrado un posible error ortogr\u00e1fico.\" data-type=\"misspelling\" data-suggestions=\"[{&quot;value&quot;:&quot;zona&quot;},{&quot;value&quot;:&quot;poca&quot;},{&quot;value&quot;:&quot;pone&quot;},{&quot;value&quot;:&quot;pueda&quot;},{&quot;value&quot;:&quot;do\u00f1a&quot;},{&quot;value&quot;:&quot;pena&quot;},{&quot;value&quot;:&quot;pon\u00eda&quot;}]\" data-rule=\"MORFOLOGIK_RULE_ES\" data-word=\"pona\">ona<\/span>\u00a0y Cobos, fortaleciendo la conservaci\u00f3n de los recursos naturales y los beneficios que brindan estos pulmones ambientales.<\/p>\n<p>Como parte de las estrategias de impacto ecol\u00f3gico, en cinco a\u00f1os se plantaron 485 mil plantas y \u00e1rboles, a trav\u00e9s del\u00a0 programa \u201cTodos Juntos Reforestando\u201d,\u00a0 gracias a un trabajo en conjunto con la Secretar\u00eda de Servicios P\u00fablicos y la Coordinaci\u00f3n General de Delegaciones Urbanas y Rurales.<\/p>\n<p><span title=\"Esta frase tiene m\u00e1s de 50 palabras. Considere la posibilidad de revisarla.\" data-type=\"grammar\" data-suggestions=\"[]\" data-rule=\"TOO_LONG_SENTENCE\" data-word=\"Gracias al programa \u201cRevive tu Arroyo\u201d se rehabilitaron 9 arroyos con la recolecci\u00f3n de m\u00e1s de 28 mil kilogramos de residuos s\u00f3lidos urbanos, escombro y podas en un \u00e1rea de m\u00e1s de 30 0 mil metros cuadrados beneficiando directamente a las 16 delegaciones municipales dignificando los espacios p\u00fablicos los cuales son de vital importancia por los servicios ambientales que prestan como reguladores de la conservaci\u00f3n ambiental.\">Gracias al programa \u201cRevive tu Arroyo\u201d se rehabilitaron 9 arroyos con la recolecci\u00f3n de m\u00e1s de 28 mil kilogramos de residuos s\u00f3lidos urbanos y escombro, acciones conjuntas a las m\u00e1s de 2 mil 200 jornadas \u201cTodos Juntos Limpiemos Aguascalientes\u201d,\u00a0 implementadas en las 16 delegaciones municipales.<\/span><\/p>\n<p>En un hecho sin precedente, se instaur\u00f3 el programa \u201cYo ya lo hice\u201d, con el objetivo de reducir sustancialmente el consumo de pl\u00e1stico de un solo uso como popotes y envases de poliestireno expandido, remplaz\u00e1ndolos por alternativas biodegradables o reutilizables.<\/p>\n<\/div>\n<\/article>\n<\/div>\n<\/div>\n<\/div>\n<\/div>\n","protected":false},"excerpt":{"rendered":"<p>#informativoelvalledeaguascalientes #novaradioaguascalientes Tere Jim\u00e9nez logr\u00f3 la declaraci\u00f3n de las dos primeras \u00e1reas naturales protegidas de competencia municipal mezquitera La Pona\u00a0y\u00a0 Cobos La alcaldesa\u00a0Tere Jim\u00e9nez\u00a0 ha promovido programas integrales a favor del medio ambiente, con el objetivo principal de mejorar la calidad de vida de los habitantes de Aguascalientes.\u00a0Durante cinco a\u00f1os a trav\u00e9s de la Secretar\u00eda [&hellip;]<\/p>\n","protected":false},"author":1,"featured_media":22413,"comment_status":"closed","ping_status":"open","sticky":false,"template":"","format":"standard","meta":{"advanced_seo_description":"","jetpack_seo_html_title":"","jetpack_seo_noindex":false,"_jetpack_memberships_contains_paid_content":false,"footnotes":"","jetpack_publicize_message":"","jetpack_publicize_feature_enabled":true,"jetpack_social_post_already_shared":true,"jetpack_social_options":{"image_generator_settings":{"template":"highway","default_image_id":0,"font":"","enabled":false},"version":2}},"categories":[21,3],"tags":[22,25],"class_list":["post-22412","post","type-post","status-publish","format-standard","has-post-thumbnail","hentry","category-aguascalientes","category-municipio-aguascalientes","tag-aguascalientes","tag-mpio-aguascalientes"],"jetpack_publicize_connections":[],"jetpack_featured_media_url":"https:\/\/i0.wp.com\/informativoelvalledeaguascalientes.online\/wp-content\/uploads\/2021\/08\/tj_ambiente_23082021.jpg?fit=2560%2C1708&ssl=1","jetpack-related-posts":[],"jetpack_sharing_enabled":true,"jetpack_likes_enabled":true,"_links":{"self":[{"href":"https:\/\/informativoelvalledeaguascalientes.online\/index.php?rest_route=\/wp\/v2\/posts\/22412","targetHints":{"allow":["GET"]}}],"collection":[{"href":"https:\/\/informativoelvalledeaguascalientes.online\/index.php?rest_route=\/wp\/v2\/posts"}],"about":[{"href":"https:\/\/informativoelvalledeaguascalientes.online\/index.php?rest_route=\/wp\/v2\/types\/post"}],"author":[{"embeddable":true,"href":"https:\/\/informativoelvalledeaguascalientes.online\/index.php?rest_route=\/wp\/v2\/users\/1"}],"replies":[{"embeddable":true,"href":"https:\/\/informativoelvalledeaguascalientes.online\/index.php?rest_route=%2Fwp%2Fv2%2Fcomments&post=22412"}],"version-history":[{"count":1,"href":"https:\/\/informativoelvalledeaguascalientes.online\/index.php?rest_route=\/wp\/v2\/posts\/22412\/revisions"}],"predecessor-version":[{"id":22414,"href":"https:\/\/informativoelvalledeaguascalientes.online\/index.php?rest_route=\/wp\/v2\/posts\/22412\/revisions\/22414"}],"wp:featuredmedia":[{"embeddable":true,"href":"https:\/\/informativoelvalledeaguascalientes.online\/index.php?rest_route=\/wp\/v2\/media\/22413"}],"wp:attachment":[{"href":"https:\/\/informativoelvalledeaguascalientes.online\/index.php?rest_route=%2Fwp%2Fv2%2Fmedia&parent=22412"}],"wp:term":[{"taxonomy":"category","embeddable":true,"href":"https:\/\/informativoelvalledeaguascalientes.online\/index.php?rest_route=%2Fwp%2Fv2%2Fcategories&post=22412"},{"taxonomy":"post_tag","embeddable":true,"href":"https:\/\/informativoelvalledeaguascalientes.online\/index.php?rest_route=%2Fwp%2Fv2%2Ftags&post=22412"}],"curies":[{"name":"wp","href":"https:\/\/api.w.org\/{rel}","templated":true}]}}