{"id":22400,"date":"2021-08-23T07:48:44","date_gmt":"2021-08-23T13:48:44","guid":{"rendered":"https:\/\/informativoelvalledeaguascalientes.online\/?p=22400"},"modified":"2021-08-23T07:48:44","modified_gmt":"2021-08-23T13:48:44","slug":"tere-jimenez-consolido-importantes-foros-de-expresion-artistica-y-cultural","status":"publish","type":"post","link":"https:\/\/informativoelvalledeaguascalientes.online\/?p=22400","title":{"rendered":"TERE JIM\u00c9NEZ CONSOLID\u00d3 IMPORTANTES FOROS DE EXPRESI\u00d3N ART\u00cdSTICA Y CULTURAL"},"content":{"rendered":"<p>#informativoelvalledeaguascalientes #novaradioaguascalientes<\/p>\n<div class=\"opinion-section\">\n<div class=\"container\">\n<div class=\"section-content row justify-content-center\">\n<div class=\"col-12 col-lg-8 opinion-order-1\">\n<article class=\"opinion-post opinion-single post-33515 post type-post status-publish format-standard has-post-thumbnail hentry category-segundo-informe tag-compaz tag-corredor-cultural-carranza tag-cultura tag-imac tag-me-late-el-barrio tag-ueas\">\n<div class=\"entry-content\">\n<div class=\"meks_ess layout-1-1 rectangle no-labels solid\"><\/div>\n<ul>\n<li><strong>En cinco a\u00f1os de trabajo cre\u00f3 dos escuelas de m\u00fasica y con el programa \u201cMe late el barrio\u201d\u00a0 reactiv\u00f3 el turismo y el comercio\u00a0<\/strong><\/li>\n<\/ul>\n<p>Durante cinco a\u00f1os de trabajo la alcaldesa\u00a0<strong>Tere Jim\u00e9nez\u00a0<\/strong>impuls\u00f3 una importante agenda cultural, promoviendo el sano esparcimiento e impactando positivamente como agente de cambio social, a trav\u00e9s de una gran variedad de actividades art\u00edsticas y formativas.<\/p>\n<p>Destaca la consolidaci\u00f3n de dos escuelas de m\u00fasica de la Comunidad de Orquestas Municipales de Aguascalientes (COMP\u00c1Z), en Lomas del Mirador desde 2017 y recientemente al norponiente en Pocitos, en las que ni\u00f1as, ni\u00f1os y jovencitos encuentran en coros y bandas sinf\u00f3nicas, un foro para expresar su talento art\u00edstico, alejarse de problem\u00e1ticas sociales y desarrollarse productivamente.<\/p>\n<p>Destaca la estrategia de<strong>\u00a0Tere Jim\u00e9nez<\/strong>\u00a0para impulsar el turismo y la econom\u00eda local a trav\u00e9s del programa \u201cMe late el barrio\u201d, que brind\u00f3 espacio a m\u00e1s de 530 artistas y expositores, participando en presentaciones y expoventas en los barrios del Encino, San Marcos, La Salud, Guadalupe, La Pur\u00edsima, adem\u00e1s del Corredor Alameda \u00a0y el Jard\u00edn de los Palacios, en los que la ciudadan\u00eda y visitantes conocen la historia y tradiciones del Coraz\u00f3n de M\u00e9xico.<\/p>\n<p>En el Corredor Cultural Carranza, la poblaci\u00f3n disfrut\u00f3 del talento de m\u00e1s de mil artistas de diferentes g\u00e9neros de talla local, nacional e internacional como Fet\u00e9n F\u00e9ten y Pat\u00e9 de Fua.<\/p>\n<p>Dentro de las actividades presenciales Pa\u00b4Domiguear\u00a0 en Carranza, se cont\u00f3 con la participaci\u00f3n de cientos de artistas y expositores,\u00a0 donde las familias asistentes pudieron disfrutar de espect\u00e1culos musicales y teatro infantil de gran calidad, adem\u00e1s de adquirir y admirar de una gran variedad de productos en las expoventas.<\/p>\n<p>Por medio de las Unidades de Exploraci\u00f3n Art\u00edstica (UEA\u2019S), se proporcionaron las herramientas para que ni\u00f1as, ni\u00f1os, j\u00f3venes y adultos mayores desarrollaran su capacidad y creatividad; beneficiando a miles de usuarios en talleres de m\u00fasica, danza, juegos tradicionales, ludoplastia y teatro.<\/p>\n<p>El impulso cultural de\u00a0<strong>Tere Jim\u00e9nez<\/strong>\u00a0se vio reflejado en otros eventos como el Encuentro de Teatro Popular Latinoamericano \u201c<em>ENTEPOLA M\u00e9xico<\/em>\u201d, Festival Cultural de la Ciudad, el Premio Dolores Castro,\u00a0 Cultura Radiante, producciones editoriales, musicales, teatrales, as\u00ed como de la Banda Sinf\u00f3nica Municipal con el objetivo de acercar la cultura a toda la poblaci\u00f3n.<\/p>\n<\/div>\n<\/article>\n<\/div>\n<\/div>\n<\/div>\n<\/div>\n","protected":false},"excerpt":{"rendered":"<p>#informativoelvalledeaguascalientes #novaradioaguascalientes En cinco a\u00f1os de trabajo cre\u00f3 dos escuelas de m\u00fasica y con el programa \u201cMe late el barrio\u201d\u00a0 reactiv\u00f3 el turismo y el comercio\u00a0 Durante cinco a\u00f1os de trabajo la alcaldesa\u00a0Tere Jim\u00e9nez\u00a0impuls\u00f3 una importante agenda cultural, promoviendo el sano esparcimiento e impactando positivamente como agente de cambio social, a trav\u00e9s de una gran [&hellip;]<\/p>\n","protected":false},"author":1,"featured_media":22401,"comment_status":"closed","ping_status":"open","sticky":false,"template":"","format":"standard","meta":{"advanced_seo_description":"","jetpack_seo_html_title":"","jetpack_seo_noindex":false,"_jetpack_memberships_contains_paid_content":false,"footnotes":"","jetpack_publicize_message":"","jetpack_publicize_feature_enabled":true,"jetpack_social_post_already_shared":true,"jetpack_social_options":{"image_generator_settings":{"template":"highway","default_image_id":0,"font":"","enabled":false},"version":2}},"categories":[21,3],"tags":[22,465,118],"class_list":["post-22400","post","type-post","status-publish","format-standard","has-post-thumbnail","hentry","category-aguascalientes","category-municipio-aguascalientes","tag-aguascalientes","tag-mpio-aguascalientes-compaz","tag-mpio-aguascalientes-imac"],"jetpack_publicize_connections":[],"jetpack_featured_media_url":"https:\/\/i0.wp.com\/informativoelvalledeaguascalientes.online\/wp-content\/uploads\/2021\/08\/mpio_ags_imac_23082021.jpeg?fit=2560%2C1791&ssl=1","jetpack-related-posts":[],"jetpack_sharing_enabled":true,"jetpack_likes_enabled":true,"_links":{"self":[{"href":"https:\/\/informativoelvalledeaguascalientes.online\/index.php?rest_route=\/wp\/v2\/posts\/22400","targetHints":{"allow":["GET"]}}],"collection":[{"href":"https:\/\/informativoelvalledeaguascalientes.online\/index.php?rest_route=\/wp\/v2\/posts"}],"about":[{"href":"https:\/\/informativoelvalledeaguascalientes.online\/index.php?rest_route=\/wp\/v2\/types\/post"}],"author":[{"embeddable":true,"href":"https:\/\/informativoelvalledeaguascalientes.online\/index.php?rest_route=\/wp\/v2\/users\/1"}],"replies":[{"embeddable":true,"href":"https:\/\/informativoelvalledeaguascalientes.online\/index.php?rest_route=%2Fwp%2Fv2%2Fcomments&post=22400"}],"version-history":[{"count":1,"href":"https:\/\/informativoelvalledeaguascalientes.online\/index.php?rest_route=\/wp\/v2\/posts\/22400\/revisions"}],"predecessor-version":[{"id":22402,"href":"https:\/\/informativoelvalledeaguascalientes.online\/index.php?rest_route=\/wp\/v2\/posts\/22400\/revisions\/22402"}],"wp:featuredmedia":[{"embeddable":true,"href":"https:\/\/informativoelvalledeaguascalientes.online\/index.php?rest_route=\/wp\/v2\/media\/22401"}],"wp:attachment":[{"href":"https:\/\/informativoelvalledeaguascalientes.online\/index.php?rest_route=%2Fwp%2Fv2%2Fmedia&parent=22400"}],"wp:term":[{"taxonomy":"category","embeddable":true,"href":"https:\/\/informativoelvalledeaguascalientes.online\/index.php?rest_route=%2Fwp%2Fv2%2Fcategories&post=22400"},{"taxonomy":"post_tag","embeddable":true,"href":"https:\/\/informativoelvalledeaguascalientes.online\/index.php?rest_route=%2Fwp%2Fv2%2Ftags&post=22400"}],"curies":[{"name":"wp","href":"https:\/\/api.w.org\/{rel}","templated":true}]}}