{"id":22396,"date":"2021-08-23T07:43:06","date_gmt":"2021-08-23T13:43:06","guid":{"rendered":"https:\/\/informativoelvalledeaguascalientes.online\/?p=22396"},"modified":"2021-08-23T07:43:20","modified_gmt":"2021-08-23T13:43:20","slug":"invita-cmov-a-las-familias-a-participar-en-primera-edicion-de-via-aguascalientes-2021","status":"publish","type":"post","link":"https:\/\/informativoelvalledeaguascalientes.online\/?p=22396","title":{"rendered":"INVITA CMOV A LAS FAMILIAS A PARTICIPAR EN PRIMERA EDICI\u00d3N DE V\u00cdA AGUASCALIENTES 2021\u00a0"},"content":{"rendered":"<p>#informativoelvalledeaguascalientes #novaradioaguascalientes<\/p>\n<ul>\n<li dir=\"ltr\">\n<p dir=\"ltr\" role=\"presentation\">Se realizar\u00e1 el domingo 29 de agosto, de 08:00 a 14:00 horas, en G\u00f3mez Mor\u00edn y Alameda<\/p>\n<\/li>\n<li dir=\"ltr\">\n<p dir=\"ltr\" role=\"presentation\">Se liberar\u00e1n las vialidades de veh\u00edculos motorizados para circular libremente en bicicleta, a pie o en patines, acompa\u00f1ados de sus mascotas<\/p>\n<\/li>\n<li dir=\"ltr\">\n<p dir=\"ltr\" role=\"presentation\">Habr\u00e1 actividades deportivas y culturales, as\u00ed como infantiles y talleres para el cuidado del medio ambiente<\/p>\n<\/li>\n<\/ul>\n<p>&nbsp;<\/p>\n<p dir=\"ltr\">La Coordinaci\u00f3n General de Movilidad invita a la poblaci\u00f3n en general a participar en la primera edici\u00f3n de \u201cV\u00eda Aguascalientes\u201d, que se realizar\u00e1 el domingo 29 de agosto, de 08:00 a 14:00 horas, sobre la avenida G\u00f3mez Mor\u00edn (norte-sur) desde el Bosque Urbano hasta la avenida Alameda (oriente-poniente) hasta avenida Tecnol\u00f3gico.<\/p>\n<p dir=\"ltr\">Ricardo Serrano Rangel, titular de la CMOV, se\u00f1al\u00f3 que el prop\u00f3sito es liberar de veh\u00edculos motorizados las calles y generar un circuito libre para que las y los aguascalentenses paseen libremente en bicicleta, a pie o en patines, acompa\u00f1ados de sus mascotas e impulsar las diversas expresiones deportivas y culturales.<\/p>\n<p dir=\"ltr\">Al respecto, el coordinador de Movilidad explic\u00f3 que en esta primera etapa se realizar\u00e1n cerca de 20 actividades deportivas, art\u00edsticas, culturales y recreativas, entre las que destacan las exhibiciones deportivas de levantamiento de pesas, judo, esgrima y boccia, torneo de box infantil y de futbol para personas con discapacidades visuales, adem\u00e1s de bicipaseos y recorridos en patines.<\/p>\n<p dir=\"ltr\">Tambi\u00e9n habr\u00e1 actividades como recorrido en bicicleta, exhibici\u00f3n de danza folcl\u00f3rica y actividades para ni\u00f1os como Super KIDS, Sem\u00e1foro nutricional, Teatro Gui\u00f1ol y Matrogimnasia, as\u00ed como talleres de educaci\u00f3n ambiental y donaci\u00f3n de plantas de ornato, entre otras para que las familias puedan disfrutar en un ambiente de convivencia y diversi\u00f3n.<\/p>\n<p dir=\"ltr\">A\u00f1adi\u00f3 que con el objetivo de promover entre la poblaci\u00f3n el uso de la bicicleta como un medio de transporte urbano, la CMOV y la asociaci\u00f3n civil Urbanismo Positivo estar\u00e1n prestando y rentando bicicletas, respectivamente; se contar\u00e1 tambi\u00e9n con servicio de primeros auxilios, apoyo vial y de seguridad p\u00fablica municipal, adem\u00e1s de puestos de salud para medici\u00f3n gratuita de presi\u00f3n, glucosa y pruebas de VIH.<\/p>\n<p dir=\"ltr\">El funcionario estatal destac\u00f3 que la ciudadan\u00eda podr\u00e1 participar en \u201cV\u00eda Aguascalientes\u201d respetando los protocolos sanitarios como uso de cubrebocas durante el desarrollo de todas las actividades, y se marcar\u00e1n los puntos de distanciamiento para reducir las aglomeraciones y el riesgo de contagio.<\/p>\n<p dir=\"ltr\">Finalmente, Serrano Rangel manifest\u00f3 que con este tipo de acciones, el Gobierno del Estado en coordinaci\u00f3n con asociaciones civiles, refrenda su compromiso de continuar impulsando acciones que fortalezcan la convivencia social; tambi\u00e9n exhort\u00f3 a los automovilistas y motociclistas que circulan por las avenidas mencionadas a que tomen sus precauciones.<\/p>\n","protected":false},"excerpt":{"rendered":"<p>#informativoelvalledeaguascalientes #novaradioaguascalientes Se realizar\u00e1 el domingo 29 de agosto, de 08:00 a 14:00 horas, en G\u00f3mez Mor\u00edn y Alameda Se liberar\u00e1n las vialidades de veh\u00edculos motorizados para circular libremente en bicicleta, a pie o en patines, acompa\u00f1ados de sus mascotas Habr\u00e1 actividades deportivas y culturales, as\u00ed como infantiles y talleres para el cuidado del medio [&hellip;]<\/p>\n","protected":false},"author":1,"featured_media":22397,"comment_status":"closed","ping_status":"open","sticky":false,"template":"","format":"standard","meta":{"advanced_seo_description":"","jetpack_seo_html_title":"","jetpack_seo_noindex":false,"_jetpack_memberships_contains_paid_content":false,"footnotes":"","jetpack_publicize_message":"","jetpack_publicize_feature_enabled":true,"jetpack_social_post_already_shared":true,"jetpack_social_options":{"image_generator_settings":{"template":"highway","default_image_id":0,"font":"","enabled":false},"version":2}},"categories":[21,4],"tags":[22,53],"class_list":["post-22396","post","type-post","status-publish","format-standard","has-post-thumbnail","hentry","category-aguascalientes","category-gobierno-del-estado-aguascalientes","tag-aguascalientes","tag-cmov"],"jetpack_publicize_connections":[],"jetpack_featured_media_url":"https:\/\/i0.wp.com\/informativoelvalledeaguascalientes.online\/wp-content\/uploads\/2021\/08\/cmov_23082021.png?fit=1366%2C569&ssl=1","jetpack-related-posts":[],"jetpack_sharing_enabled":true,"jetpack_likes_enabled":true,"_links":{"self":[{"href":"https:\/\/informativoelvalledeaguascalientes.online\/index.php?rest_route=\/wp\/v2\/posts\/22396","targetHints":{"allow":["GET"]}}],"collection":[{"href":"https:\/\/informativoelvalledeaguascalientes.online\/index.php?rest_route=\/wp\/v2\/posts"}],"about":[{"href":"https:\/\/informativoelvalledeaguascalientes.online\/index.php?rest_route=\/wp\/v2\/types\/post"}],"author":[{"embeddable":true,"href":"https:\/\/informativoelvalledeaguascalientes.online\/index.php?rest_route=\/wp\/v2\/users\/1"}],"replies":[{"embeddable":true,"href":"https:\/\/informativoelvalledeaguascalientes.online\/index.php?rest_route=%2Fwp%2Fv2%2Fcomments&post=22396"}],"version-history":[{"count":2,"href":"https:\/\/informativoelvalledeaguascalientes.online\/index.php?rest_route=\/wp\/v2\/posts\/22396\/revisions"}],"predecessor-version":[{"id":22399,"href":"https:\/\/informativoelvalledeaguascalientes.online\/index.php?rest_route=\/wp\/v2\/posts\/22396\/revisions\/22399"}],"wp:featuredmedia":[{"embeddable":true,"href":"https:\/\/informativoelvalledeaguascalientes.online\/index.php?rest_route=\/wp\/v2\/media\/22397"}],"wp:attachment":[{"href":"https:\/\/informativoelvalledeaguascalientes.online\/index.php?rest_route=%2Fwp%2Fv2%2Fmedia&parent=22396"}],"wp:term":[{"taxonomy":"category","embeddable":true,"href":"https:\/\/informativoelvalledeaguascalientes.online\/index.php?rest_route=%2Fwp%2Fv2%2Fcategories&post=22396"},{"taxonomy":"post_tag","embeddable":true,"href":"https:\/\/informativoelvalledeaguascalientes.online\/index.php?rest_route=%2Fwp%2Fv2%2Ftags&post=22396"}],"curies":[{"name":"wp","href":"https:\/\/api.w.org\/{rel}","templated":true}]}}