{"id":22393,"date":"2021-08-23T07:34:48","date_gmt":"2021-08-23T13:34:48","guid":{"rendered":"https:\/\/informativoelvalledeaguascalientes.online\/?p=22393"},"modified":"2021-08-23T07:34:48","modified_gmt":"2021-08-23T13:34:48","slug":"iam-y-la-comision-de-busqueda-de-personas-desaparecidas-estrechan-lazos-de-colaboracion","status":"publish","type":"post","link":"https:\/\/informativoelvalledeaguascalientes.online\/?p=22393","title":{"rendered":"IAM Y LA COMISI\u00d3N DE B\u00daSQUEDA DE PERSONAS DESAPARECIDAS ESTRECHAN LAZOS DE COLABORACI\u00d3N\u00a0"},"content":{"rendered":"<p>#informativoelvalledeaguascalientes #novaradioaguascalientes<\/p>\n<p dir=\"ltr\">\n<p dir=\"ltr\">El Instituto Aguascalentense de las Mujeres (IAM) y la Comisi\u00f3n de B\u00fasqueda de Personas Desaparecidas en Aguascalientes, acuerdan fortalecer los canales de comunicaci\u00f3n entre ambos organismos con el fin de que mejore la atenci\u00f3n de primer contacto con las mujeres en situaci\u00f3n de violencia.<\/p>\n<p dir=\"ltr\">La directora general del IAM, Edna Garc\u00eda Armer\u00eda y la coordinadora de seguimiento, atenci\u00f3n ciudadana y vinculaci\u00f3n de la Comisi\u00f3n de B\u00fasqueda, Ana Ilse Espinosa Almanza, acordaron adecuar los protocolos de atenci\u00f3n de las respectivas \u00e1reas de Trabajo Social, con el fin de atender de manera inmediata a las mujeres v\u00edctimas de violencia que acuden a solicitar ayuda en la Comisi\u00f3n de B\u00fasqueda.<\/p>\n","protected":false},"excerpt":{"rendered":"<p>#informativoelvalledeaguascalientes #novaradioaguascalientes El Instituto Aguascalentense de las Mujeres (IAM) y la Comisi\u00f3n de B\u00fasqueda de Personas Desaparecidas en Aguascalientes, acuerdan fortalecer los canales de comunicaci\u00f3n entre ambos organismos con el fin de que mejore la atenci\u00f3n de primer contacto con las mujeres en situaci\u00f3n de violencia. La directora general del IAM, Edna Garc\u00eda Armer\u00eda y [&hellip;]<\/p>\n","protected":false},"author":1,"featured_media":22394,"comment_status":"closed","ping_status":"open","sticky":false,"template":"","format":"standard","meta":{"advanced_seo_description":"","jetpack_seo_html_title":"","jetpack_seo_noindex":false,"_jetpack_memberships_contains_paid_content":false,"footnotes":"","jetpack_publicize_message":"","jetpack_publicize_feature_enabled":true,"jetpack_social_post_already_shared":true,"jetpack_social_options":{"image_generator_settings":{"template":"highway","default_image_id":0,"font":"","enabled":false},"version":2}},"categories":[21,4],"tags":[22,57],"class_list":["post-22393","post","type-post","status-publish","format-standard","has-post-thumbnail","hentry","category-aguascalientes","category-gobierno-del-estado-aguascalientes","tag-aguascalientes","tag-iam"],"jetpack_publicize_connections":[],"jetpack_featured_media_url":"https:\/\/i0.wp.com\/informativoelvalledeaguascalientes.online\/wp-content\/uploads\/2021\/08\/iam_23082021.jpg?fit=938%2C625&ssl=1","jetpack-related-posts":[],"jetpack_sharing_enabled":true,"jetpack_likes_enabled":true,"_links":{"self":[{"href":"https:\/\/informativoelvalledeaguascalientes.online\/index.php?rest_route=\/wp\/v2\/posts\/22393","targetHints":{"allow":["GET"]}}],"collection":[{"href":"https:\/\/informativoelvalledeaguascalientes.online\/index.php?rest_route=\/wp\/v2\/posts"}],"about":[{"href":"https:\/\/informativoelvalledeaguascalientes.online\/index.php?rest_route=\/wp\/v2\/types\/post"}],"author":[{"embeddable":true,"href":"https:\/\/informativoelvalledeaguascalientes.online\/index.php?rest_route=\/wp\/v2\/users\/1"}],"replies":[{"embeddable":true,"href":"https:\/\/informativoelvalledeaguascalientes.online\/index.php?rest_route=%2Fwp%2Fv2%2Fcomments&post=22393"}],"version-history":[{"count":1,"href":"https:\/\/informativoelvalledeaguascalientes.online\/index.php?rest_route=\/wp\/v2\/posts\/22393\/revisions"}],"predecessor-version":[{"id":22395,"href":"https:\/\/informativoelvalledeaguascalientes.online\/index.php?rest_route=\/wp\/v2\/posts\/22393\/revisions\/22395"}],"wp:featuredmedia":[{"embeddable":true,"href":"https:\/\/informativoelvalledeaguascalientes.online\/index.php?rest_route=\/wp\/v2\/media\/22394"}],"wp:attachment":[{"href":"https:\/\/informativoelvalledeaguascalientes.online\/index.php?rest_route=%2Fwp%2Fv2%2Fmedia&parent=22393"}],"wp:term":[{"taxonomy":"category","embeddable":true,"href":"https:\/\/informativoelvalledeaguascalientes.online\/index.php?rest_route=%2Fwp%2Fv2%2Fcategories&post=22393"},{"taxonomy":"post_tag","embeddable":true,"href":"https:\/\/informativoelvalledeaguascalientes.online\/index.php?rest_route=%2Fwp%2Fv2%2Ftags&post=22393"}],"curies":[{"name":"wp","href":"https:\/\/api.w.org\/{rel}","templated":true}]}}