{"id":22390,"date":"2021-08-23T07:32:04","date_gmt":"2021-08-23T13:32:04","guid":{"rendered":"https:\/\/informativoelvalledeaguascalientes.online\/?p=22390"},"modified":"2021-08-23T07:32:04","modified_gmt":"2021-08-23T13:32:04","slug":"estado-fiscalia-y-congreso-fortaleceran-reintegracion-social-de-adolescentes","status":"publish","type":"post","link":"https:\/\/informativoelvalledeaguascalientes.online\/?p=22390","title":{"rendered":"ESTADO, FISCAL\u00cdA Y CONGRESO FORTALECER\u00c1N REINTEGRACI\u00d3N SOCIAL DE ADOLESCENTES"},"content":{"rendered":"<p style=\"font-weight: 400;\">#informativoelvalledeaguascalientes #novaradioaguascalientes<\/p>\n<p style=\"font-weight: 400;\"><strong>\u00a0<\/strong><\/p>\n<ul>\n<li style=\"font-weight: 400;\"><strong><em>Dependencias estatales, Fiscal\u00eda General, y Congreso del Estado, dar\u00e1n seguimiento a egresados del CEDA<\/em><\/strong><\/li>\n<li style=\"font-weight: 400;\"><strong><em>Programa de atenci\u00f3n integral para internos y sus familias se dise\u00f1\u00f3 en conjunto con internos y becarios del programa Reintegra<\/em><\/strong><\/li>\n<\/ul>\n<p style=\"font-weight: 400;\"><strong><em>\u00a0<\/em><\/strong><\/p>\n<p style=\"font-weight: 400;\"><strong><em>\u00a0<\/em><\/strong><\/p>\n<p style=\"font-weight: 400;\">Dependencias de la administraci\u00f3n estatal, la Fiscal\u00eda General y el Congreso del Estado, firmaron el convenio interinstitucional \u201cAcci\u00f3n es por Ti\u201d, un programa integral de seguimiento a egresados del Centro Estatal para el Desarrollo del Adolescente (CEDA), en el que tambi\u00e9n colaborar\u00e1 el Poder Judicial, con el fin de fortalecer la reintegraci\u00f3n social de j\u00f3venes a trav\u00e9s de acciones del \u00e1mbito educativo, laboral, familiar, y de salud, que les permita alcanzar el bienestar integral junto con un desenvolvimiento efectivo dentro de su comunidad.<\/p>\n<p style=\"font-weight: 400;\">\n<p style=\"font-weight: 400;\">Durante la sesi\u00f3n ordinaria de la Subcomisi\u00f3n de Justicia para Adolescentes, el secretario general de Gobierno, Juan Manuel Flores Femat, se\u00f1al\u00f3 que una parte fundamental de las acciones debe ir encaminada a la prevenci\u00f3n y rehabilitaci\u00f3n de las personas que consumen drogas adictivas como el cristal, las cuales incentivan actividades delictivas, reconociendo en este sentido, los resultados del programa \u201cReintegra\u201d, en el que el 38 por ciento de sus egresados, deja de consumir cualquier tipo de estupefaciente.<\/p>\n<p style=\"font-weight: 400;\">\n<p style=\"font-weight: 400;\">\u201cAcci\u00f3n es por Ti\u201d va dirigido a adolescentes que se encuentren internados en el CEDA, brind\u00e1ndoles atenci\u00f3n a ellos y sus familias, durante y posterior a su estancia, y fue dise\u00f1ado en conjunto con adolescentes internos en el CEDA y becarios de \u201cReintegra\u201d, quienes narraron su problem\u00e1tica personal, familiar y comunitaria, de manera que sus propuestas son el eje rector del mismo.<\/p>\n<p style=\"font-weight: 400;\">\n<p style=\"font-weight: 400;\">Las dependencias y organismos participantes, vincular\u00e1n a los j\u00f3venes con educaci\u00f3n formal y no formal a trav\u00e9s de capacitaciones, clubes deportivos, centros culturales, adem\u00e1s de buscar \u00e1reas de oportunidad para su inserci\u00f3n en el \u00e1mbito laboral seg\u00fan las edades, tiempos judiciales y perfil personal, adem\u00e1s de tomar contacto con las familias o referentes afectivos de los j\u00f3venes.<\/p>\n","protected":false},"excerpt":{"rendered":"<p>#informativoelvalledeaguascalientes #novaradioaguascalientes \u00a0 Dependencias estatales, Fiscal\u00eda General, y Congreso del Estado, dar\u00e1n seguimiento a egresados del CEDA Programa de atenci\u00f3n integral para internos y sus familias se dise\u00f1\u00f3 en conjunto con internos y becarios del programa Reintegra \u00a0 \u00a0 Dependencias de la administraci\u00f3n estatal, la Fiscal\u00eda General y el Congreso del Estado, firmaron el convenio [&hellip;]<\/p>\n","protected":false},"author":1,"featured_media":22391,"comment_status":"closed","ping_status":"open","sticky":false,"template":"","format":"standard","meta":{"advanced_seo_description":"","jetpack_seo_html_title":"","jetpack_seo_noindex":false,"_jetpack_memberships_contains_paid_content":false,"footnotes":"","jetpack_publicize_message":"","jetpack_publicize_feature_enabled":true,"jetpack_social_post_already_shared":true,"jetpack_social_options":{"image_generator_settings":{"template":"highway","default_image_id":0,"font":"","enabled":false},"version":2}},"categories":[21,4],"tags":[22,51],"class_list":["post-22390","post","type-post","status-publish","format-standard","has-post-thumbnail","hentry","category-aguascalientes","category-gobierno-del-estado-aguascalientes","tag-aguascalientes","tag-seggob"],"jetpack_publicize_connections":[],"jetpack_featured_media_url":"https:\/\/i0.wp.com\/informativoelvalledeaguascalientes.online\/wp-content\/uploads\/2021\/08\/seggob_23082021.jpg?fit=938%2C625&ssl=1","jetpack-related-posts":[],"jetpack_sharing_enabled":true,"jetpack_likes_enabled":true,"_links":{"self":[{"href":"https:\/\/informativoelvalledeaguascalientes.online\/index.php?rest_route=\/wp\/v2\/posts\/22390","targetHints":{"allow":["GET"]}}],"collection":[{"href":"https:\/\/informativoelvalledeaguascalientes.online\/index.php?rest_route=\/wp\/v2\/posts"}],"about":[{"href":"https:\/\/informativoelvalledeaguascalientes.online\/index.php?rest_route=\/wp\/v2\/types\/post"}],"author":[{"embeddable":true,"href":"https:\/\/informativoelvalledeaguascalientes.online\/index.php?rest_route=\/wp\/v2\/users\/1"}],"replies":[{"embeddable":true,"href":"https:\/\/informativoelvalledeaguascalientes.online\/index.php?rest_route=%2Fwp%2Fv2%2Fcomments&post=22390"}],"version-history":[{"count":1,"href":"https:\/\/informativoelvalledeaguascalientes.online\/index.php?rest_route=\/wp\/v2\/posts\/22390\/revisions"}],"predecessor-version":[{"id":22392,"href":"https:\/\/informativoelvalledeaguascalientes.online\/index.php?rest_route=\/wp\/v2\/posts\/22390\/revisions\/22392"}],"wp:featuredmedia":[{"embeddable":true,"href":"https:\/\/informativoelvalledeaguascalientes.online\/index.php?rest_route=\/wp\/v2\/media\/22391"}],"wp:attachment":[{"href":"https:\/\/informativoelvalledeaguascalientes.online\/index.php?rest_route=%2Fwp%2Fv2%2Fmedia&parent=22390"}],"wp:term":[{"taxonomy":"category","embeddable":true,"href":"https:\/\/informativoelvalledeaguascalientes.online\/index.php?rest_route=%2Fwp%2Fv2%2Fcategories&post=22390"},{"taxonomy":"post_tag","embeddable":true,"href":"https:\/\/informativoelvalledeaguascalientes.online\/index.php?rest_route=%2Fwp%2Fv2%2Ftags&post=22390"}],"curies":[{"name":"wp","href":"https:\/\/api.w.org\/{rel}","templated":true}]}}