{"id":22387,"date":"2021-08-23T07:26:41","date_gmt":"2021-08-23T13:26:41","guid":{"rendered":"https:\/\/informativoelvalledeaguascalientes.online\/?p=22387"},"modified":"2021-08-23T07:26:41","modified_gmt":"2021-08-23T13:26:41","slug":"se-gradua-con-exito-la-primera-generacion-de-la-utma","status":"publish","type":"post","link":"https:\/\/informativoelvalledeaguascalientes.online\/?p=22387","title":{"rendered":"SE GRAD\u00daA CON \u00c9XITO LA PRIMERA GENERACI\u00d3N DE LA UTMA"},"content":{"rendered":"<p dir=\"ltr\">#informativoelvalledeaguascalientes #novaradioaguascalientes<\/p>\n<p dir=\"ltr\">\n<p dir=\"ltr\">\n<ul>\n<li dir=\"ltr\">\n<p dir=\"ltr\" role=\"presentation\">Se graduaron 42 j\u00f3venes de las carreras de Mecatr\u00f3nica y Nanotecnolog\u00eda<\/p>\n<\/li>\n<li dir=\"ltr\">\n<p dir=\"ltr\" role=\"presentation\">Gran orgullo ver los primeros frutos de este esfuerzo conjunto que naci\u00f3 en el 2018 para fortalecer la zona oriente de la ciudad: MOS<\/p>\n<\/li>\n<li dir=\"ltr\">\n<p dir=\"ltr\" role=\"presentation\">Hoy egresan j\u00f3venes biling\u00fces, preparados con la pr\u00e1ctica en campo y con una visi\u00f3n en sustentabilidad, tecnolog\u00eda y valores humanos<\/p>\n<\/li>\n<\/ul>\n<p dir=\"ltr\">La administraci\u00f3n del gobernador Mart\u00edn Orozco Sandoval se ha caracterizado por sembrar semillas de cambio que dan frutos a mediano y largo plazo; en el rubro educativo es precisamente donde estos esfuerzos logran un mayor impacto en el mejoramiento del entorno y el desarrollo de las familias.<\/p>\n<p dir=\"ltr\">As\u00ed lo pudo constatar el mandatario estatal durante la graduaci\u00f3n de la primera generaci\u00f3n de 42 hombres y mujeres que hoy obtuvieron su t\u00edtulo en T\u00e9cnico Superior Universitario en las carreras de Mecatr\u00f3nica y Nanotecnolog\u00eda por parte de la Universidad Tecnol\u00f3gica Metropolitana de Aguascalientes (UTMA), instituci\u00f3n fundada por el gobernador en el 2018.<\/p>\n<p dir=\"ltr\">Durante este evento, Orozco Sandoval se\u00f1al\u00f3, como padrino de esta primera generaci\u00f3n, que es un gran orgullo ver los primeros frutos de este gran esfuerzo conjunto que se realiz\u00f3 con la finalidad de ver mejorada la calidad de vida de las familias de Aguascalientes, sobre todo en una zona en pleno desarrollo como lo es el oriente de la ciudad.<\/p>\n<p dir=\"ltr\">Adem\u00e1s, llam\u00f3 a las y los j\u00f3venes a seguirse preparando para afrontar los retos que se vayan presentando en su camino profesional, tanto en material laboral como en el aspecto social, pues refiri\u00f3 que lo m\u00e1s importante es egresar como profesionistas con valores y un gran sentido de responsabilidad humana.<\/p>\n<p dir=\"ltr\">Mart\u00edn Orozco reconoci\u00f3 el compromiso de padres y madres de familia en el acompa\u00f1amiento de sus hijos durante esta importante etapa, y destac\u00f3 como autoridad el compromiso de ser un buen ejemplo para las juventudes que se preparan para ser los l\u00edderes del ma\u00f1ana.<\/p>\n<p dir=\"ltr\">Por su parte, el rector de esta instituci\u00f3n, Jorge Guill\u00e9n Mu\u00f1oz, agradeci\u00f3 la confianza de las y los egresados en la UTMA, la cual durante todo el proceso les brind\u00f3 el apoyo necesario para que continuaran su formaci\u00f3n, as\u00ed como las herramientas de tecnolog\u00eda, biling\u00fcismo, internacionalizaci\u00f3n y pr\u00e1cticas en campo requeridas para obtener una educaci\u00f3n de calidad y vanguardia.<\/p>\n<p dir=\"ltr\">Finalmente, Emilio Alejandro Alarc\u00f3n Garc\u00eda, quien fue reconocido como el mejor promedio entre las dos carreras de Nanotecnolog\u00eda y Mecatr\u00f3nica, dijo sentirse orgulloso de egresar de la primera generaci\u00f3n de esta universidad biling\u00fce, tecnol\u00f3gica y sustentable, la cual brind\u00f3 todo el apoyo para sortear los obst\u00e1culos que en el camino se presentaron, pero sobre todo les dio un sentido de vida a \u00e9l y sus compa\u00f1eros, que hoy dan el primer gran paso a su profesionalizaci\u00f3n.<\/p>\n","protected":false},"excerpt":{"rendered":"<p>#informativoelvalledeaguascalientes #novaradioaguascalientes Se graduaron 42 j\u00f3venes de las carreras de Mecatr\u00f3nica y Nanotecnolog\u00eda Gran orgullo ver los primeros frutos de este esfuerzo conjunto que naci\u00f3 en el 2018 para fortalecer la zona oriente de la ciudad: MOS Hoy egresan j\u00f3venes biling\u00fces, preparados con la pr\u00e1ctica en campo y con una visi\u00f3n en sustentabilidad, tecnolog\u00eda y [&hellip;]<\/p>\n","protected":false},"author":1,"featured_media":22388,"comment_status":"closed","ping_status":"open","sticky":false,"template":"","format":"standard","meta":{"advanced_seo_description":"","jetpack_seo_html_title":"","jetpack_seo_noindex":false,"_jetpack_memberships_contains_paid_content":false,"footnotes":"","jetpack_publicize_message":"","jetpack_publicize_feature_enabled":true,"jetpack_social_post_already_shared":true,"jetpack_social_options":{"image_generator_settings":{"template":"highway","default_image_id":0,"font":"","enabled":false},"version":2}},"categories":[21,4],"tags":[22,31,339],"class_list":["post-22387","post","type-post","status-publish","format-standard","has-post-thumbnail","hentry","category-aguascalientes","category-gobierno-del-estado-aguascalientes","tag-aguascalientes","tag-mos","tag-utma"],"jetpack_publicize_connections":[],"jetpack_featured_media_url":"https:\/\/i0.wp.com\/informativoelvalledeaguascalientes.online\/wp-content\/uploads\/2021\/08\/mos_utma_23082021.jpg?fit=1600%2C1066&ssl=1","jetpack-related-posts":[],"jetpack_sharing_enabled":true,"jetpack_likes_enabled":true,"_links":{"self":[{"href":"https:\/\/informativoelvalledeaguascalientes.online\/index.php?rest_route=\/wp\/v2\/posts\/22387","targetHints":{"allow":["GET"]}}],"collection":[{"href":"https:\/\/informativoelvalledeaguascalientes.online\/index.php?rest_route=\/wp\/v2\/posts"}],"about":[{"href":"https:\/\/informativoelvalledeaguascalientes.online\/index.php?rest_route=\/wp\/v2\/types\/post"}],"author":[{"embeddable":true,"href":"https:\/\/informativoelvalledeaguascalientes.online\/index.php?rest_route=\/wp\/v2\/users\/1"}],"replies":[{"embeddable":true,"href":"https:\/\/informativoelvalledeaguascalientes.online\/index.php?rest_route=%2Fwp%2Fv2%2Fcomments&post=22387"}],"version-history":[{"count":1,"href":"https:\/\/informativoelvalledeaguascalientes.online\/index.php?rest_route=\/wp\/v2\/posts\/22387\/revisions"}],"predecessor-version":[{"id":22389,"href":"https:\/\/informativoelvalledeaguascalientes.online\/index.php?rest_route=\/wp\/v2\/posts\/22387\/revisions\/22389"}],"wp:featuredmedia":[{"embeddable":true,"href":"https:\/\/informativoelvalledeaguascalientes.online\/index.php?rest_route=\/wp\/v2\/media\/22388"}],"wp:attachment":[{"href":"https:\/\/informativoelvalledeaguascalientes.online\/index.php?rest_route=%2Fwp%2Fv2%2Fmedia&parent=22387"}],"wp:term":[{"taxonomy":"category","embeddable":true,"href":"https:\/\/informativoelvalledeaguascalientes.online\/index.php?rest_route=%2Fwp%2Fv2%2Fcategories&post=22387"},{"taxonomy":"post_tag","embeddable":true,"href":"https:\/\/informativoelvalledeaguascalientes.online\/index.php?rest_route=%2Fwp%2Fv2%2Ftags&post=22387"}],"curies":[{"name":"wp","href":"https:\/\/api.w.org\/{rel}","templated":true}]}}