{"id":22374,"date":"2021-08-19T22:27:51","date_gmt":"2021-08-20T04:27:51","guid":{"rendered":"https:\/\/informativoelvalledeaguascalientes.online\/?p=22374"},"modified":"2021-08-19T22:29:15","modified_gmt":"2021-08-20T04:29:15","slug":"se-reune-gobernador-martin-orozco-con-embajador-de-japon-en-mexico","status":"publish","type":"post","link":"https:\/\/informativoelvalledeaguascalientes.online\/?p=22374","title":{"rendered":"SE RE\u00daNE GOBERNADOR MART\u00cdN OROZCO CON EMBAJADOR DE JAP\u00d3N EN M\u00c9XICO"},"content":{"rendered":"<div dir=\"auto\">\n<div dir=\"auto\">\n<div dir=\"auto\">\n<div dir=\"auto\">#informativoelvalledeaguascalientes , #novaradioaguascalientes<\/div>\n<div dir=\"auto\"><\/div>\n<div dir=\"auto\">Buscando el intercambio cultural entre la comunidad de japoneses y japonesas que radican en Aguascalientes y las y los aguascalentenses, se llevar\u00e1 a cabo un evento conjunto para celebrar los 200 a\u00f1os de la independencia de M\u00e9xico.<\/div>\n<div dir=\"auto\"><\/div>\n<div dir=\"auto\">Por tal motivo, el gobernador de Aguascalientes, Mart\u00edn Orozco Sandoval, se reuni\u00f3 con el embajador de Jap\u00f3n en M\u00e9xico, Yasushi Takase, con el objetivo de afinar algunos aspectos sobre estos importantes festejos.<\/div>\n<div dir=\"auto\"><\/div>\n<div dir=\"auto\">El mandatario estatal refiri\u00f3 que este ejercicio, adem\u00e1s de fortalecer los lazos colaborativos en materia de desarrollo -que ya se han forjado desde el inicio de la administraci\u00f3n con Jap\u00f3n-, ofrece una excelente ventana para que japoneses conozcan nuestra historia, tradiciones y cultura a la par que dan muestra de la propia.<\/div>\n<div dir=\"auto\"><\/div>\n<div dir=\"auto\">Por su parte, el embajador se\u00f1al\u00f3 que arribar\u00e1 a Aguascalientes el pr\u00f3ximo mes de septiembre para formar parte de esta gran fiesta que tendr\u00e1 como sedes los recintos m\u00e1s emblem\u00e1ticos de Aguascalientes, y en la que habr\u00e1 un nutrido programa cultural y una serie de exposiciones abiertas para las familias.<\/div>\n<div dir=\"auto\"><\/div>\n<div dir=\"auto\">Este gran evento intercultural para recordar la consumaci\u00f3n de la Independencia de M\u00e9xico, dar\u00e1 inicio el 24 de septiembre, culminado el 27 con exposiciones de cine, gastronom\u00eda, m\u00fasica y mucho m\u00e1s.<\/div>\n<\/div>\n<p>&nbsp;<\/p>\n<p>&nbsp;<\/p>\n<\/div>\n<\/div>\n<p>&nbsp;<\/p>\n","protected":false},"excerpt":{"rendered":"<p>#informativoelvalledeaguascalientes , #novaradioaguascalientes Buscando el intercambio cultural entre la comunidad de japoneses y japonesas que radican en Aguascalientes y las y los aguascalentenses, se llevar\u00e1 a cabo un evento conjunto para celebrar los 200 a\u00f1os de la independencia de M\u00e9xico. Por tal motivo, el gobernador de Aguascalientes, Mart\u00edn Orozco Sandoval, se reuni\u00f3 con el embajador [&hellip;]<\/p>\n","protected":false},"author":1,"featured_media":22375,"comment_status":"closed","ping_status":"open","sticky":false,"template":"","format":"standard","meta":{"advanced_seo_description":"","jetpack_seo_html_title":"","jetpack_seo_noindex":false,"_jetpack_memberships_contains_paid_content":false,"footnotes":"","jetpack_publicize_message":"","jetpack_publicize_feature_enabled":true,"jetpack_social_post_already_shared":true,"jetpack_social_options":{"image_generator_settings":{"template":"highway","default_image_id":0,"font":"","enabled":false},"version":2}},"categories":[21,4],"tags":[22,31,51],"class_list":["post-22374","post","type-post","status-publish","format-standard","has-post-thumbnail","hentry","category-aguascalientes","category-gobierno-del-estado-aguascalientes","tag-aguascalientes","tag-mos","tag-seggob"],"jetpack_publicize_connections":[],"jetpack_featured_media_url":"https:\/\/i0.wp.com\/informativoelvalledeaguascalientes.online\/wp-content\/uploads\/2021\/08\/mos1908.png?fit=940%2C788&ssl=1","jetpack-related-posts":[],"jetpack_sharing_enabled":true,"jetpack_likes_enabled":true,"_links":{"self":[{"href":"https:\/\/informativoelvalledeaguascalientes.online\/index.php?rest_route=\/wp\/v2\/posts\/22374","targetHints":{"allow":["GET"]}}],"collection":[{"href":"https:\/\/informativoelvalledeaguascalientes.online\/index.php?rest_route=\/wp\/v2\/posts"}],"about":[{"href":"https:\/\/informativoelvalledeaguascalientes.online\/index.php?rest_route=\/wp\/v2\/types\/post"}],"author":[{"embeddable":true,"href":"https:\/\/informativoelvalledeaguascalientes.online\/index.php?rest_route=\/wp\/v2\/users\/1"}],"replies":[{"embeddable":true,"href":"https:\/\/informativoelvalledeaguascalientes.online\/index.php?rest_route=%2Fwp%2Fv2%2Fcomments&post=22374"}],"version-history":[{"count":2,"href":"https:\/\/informativoelvalledeaguascalientes.online\/index.php?rest_route=\/wp\/v2\/posts\/22374\/revisions"}],"predecessor-version":[{"id":22377,"href":"https:\/\/informativoelvalledeaguascalientes.online\/index.php?rest_route=\/wp\/v2\/posts\/22374\/revisions\/22377"}],"wp:featuredmedia":[{"embeddable":true,"href":"https:\/\/informativoelvalledeaguascalientes.online\/index.php?rest_route=\/wp\/v2\/media\/22375"}],"wp:attachment":[{"href":"https:\/\/informativoelvalledeaguascalientes.online\/index.php?rest_route=%2Fwp%2Fv2%2Fmedia&parent=22374"}],"wp:term":[{"taxonomy":"category","embeddable":true,"href":"https:\/\/informativoelvalledeaguascalientes.online\/index.php?rest_route=%2Fwp%2Fv2%2Fcategories&post=22374"},{"taxonomy":"post_tag","embeddable":true,"href":"https:\/\/informativoelvalledeaguascalientes.online\/index.php?rest_route=%2Fwp%2Fv2%2Ftags&post=22374"}],"curies":[{"name":"wp","href":"https:\/\/api.w.org\/{rel}","templated":true}]}}