{"id":22371,"date":"2021-08-19T22:06:12","date_gmt":"2021-08-20T04:06:12","guid":{"rendered":"https:\/\/informativoelvalledeaguascalientes.online\/?p=22371"},"modified":"2021-08-19T22:06:12","modified_gmt":"2021-08-20T04:06:12","slug":"se-emprenderan-once-proyectos-haciendo-alianza-por-los-jovenes","status":"publish","type":"post","link":"https:\/\/informativoelvalledeaguascalientes.online\/?p=22371","title":{"rendered":"SE EMPRENDER\u00c1N ONCE PROYECTOS HACIENDO \u201cALIANZA POR LOS J\u00d3VENES\u201d"},"content":{"rendered":"<p style=\"font-weight: 400;\">#informativoelvalledeaguascalientes , #novaradioaguascalientes<\/p>\n<p style=\"font-weight: 400;\">\n<ul>\n<li style=\"font-weight: 400;\">\u00a0\u00a0\u00a0\u00a0\u00a0<strong><em>Alianza por los J\u00f3venes se sustenta en los Objetivos de Desarrollo Sostenible (ODS)\u00a0 impulsados por la ONU<\/em><\/strong><\/li>\n<li style=\"font-weight: 400;\">\u00a0\u00a0\u00a0\u00a0\u00a0<strong><em>Las y los ganadores deber\u00e1n llevar a cabo sus proyectos de septiembre de este a\u00f1o a julio del 2022<\/em><\/strong><\/li>\n<\/ul>\n<p style=\"font-weight: 400;\">\n<p style=\"font-weight: 400;\">Para reconocer el liderazgo de las y los j\u00f3venes que impulsan y fomentan la paz entre las juventudes, el Instituto Aguascalentense de la Juventud (IAJU) realiz\u00f3 Alianza por los J\u00f3venes, programa que se sustenta en los Objetivos de Desarrollo Sostenible (ODS), impulsados por la Organizaci\u00f3n de las Naciones Unidas (ONU).<\/p>\n<p style=\"font-weight: 400;\">\n<p style=\"font-weight: 400;\">Con la participaci\u00f3n de ONG\u00b4S, l\u00edderes de universidades, colectivos y l\u00edderes emprendedores, once proyectos de j\u00f3venes fueron premiados y seleccionados para llevarse a cabo en un periodo de 10 meses a partir de septiembre de este a\u00f1o, generando mejores oportunidades de desarrollo para las nuevas generaciones.<\/p>\n<p style=\"font-weight: 400;\">\n<p style=\"font-weight: 400;\">Al respecto, Ruth Guzm\u00e1n, directora general del IAJU, reconoci\u00f3 el valor de la participaci\u00f3n de las juventudes para conformar los planes que integran la Agenda 2030 implementada por la ONU, demostrando que desde el presente se puede transformar el futuro.<\/p>\n<p style=\"font-weight: 400;\">\n<p style=\"font-weight: 400;\">La titular del IAJU exhort\u00f3 a las y los j\u00f3venes a comprometerse y dar cumplimiento a sus iniciativas, recordando que siempre cuentan con el apoyo del Instituto, cuyo objetivo es viabilizar el aterrizaje de proyectos de impacto y para lo cual otorg\u00f3 10 mil pesos a cada uno de los ganadores.<\/p>\n<p style=\"font-weight: 400;\">\n<p style=\"font-weight: 400;\">Cabe mencionar que los proyectos elegidos para realizarse a trav\u00e9s de actividades donde se consideren y atiendan las principales necesidades y preocupaciones de las juventudes, se encuentran en los rubros de las tecnolog\u00edas, el desarrollo econ\u00f3mico sustentable, la innovaci\u00f3n, acci\u00f3n por el clima, salud y bienestar, entre otras.<\/p>\n","protected":false},"excerpt":{"rendered":"<p>#informativoelvalledeaguascalientes , #novaradioaguascalientes \u00a0\u00a0\u00a0\u00a0\u00a0Alianza por los J\u00f3venes se sustenta en los Objetivos de Desarrollo Sostenible (ODS)\u00a0 impulsados por la ONU \u00a0\u00a0\u00a0\u00a0\u00a0Las y los ganadores deber\u00e1n llevar a cabo sus proyectos de septiembre de este a\u00f1o a julio del 2022 Para reconocer el liderazgo de las y los j\u00f3venes que impulsan y fomentan la paz entre [&hellip;]<\/p>\n","protected":false},"author":1,"featured_media":22372,"comment_status":"closed","ping_status":"open","sticky":false,"template":"","format":"standard","meta":{"advanced_seo_description":"","jetpack_seo_html_title":"","jetpack_seo_noindex":false,"_jetpack_memberships_contains_paid_content":false,"footnotes":"","jetpack_publicize_message":"","jetpack_publicize_feature_enabled":true,"jetpack_social_post_already_shared":true,"jetpack_social_options":{"image_generator_settings":{"template":"highway","default_image_id":0,"font":"","enabled":false},"version":2}},"categories":[21,4],"tags":[22,35],"class_list":["post-22371","post","type-post","status-publish","format-standard","has-post-thumbnail","hentry","category-aguascalientes","category-gobierno-del-estado-aguascalientes","tag-aguascalientes","tag-iaju"],"jetpack_publicize_connections":[],"jetpack_featured_media_url":"https:\/\/i0.wp.com\/informativoelvalledeaguascalientes.online\/wp-content\/uploads\/2021\/08\/WhatsApp-Image-2021-08-19-at-10.09.29.jpeg?fit=1600%2C1066&ssl=1","jetpack-related-posts":[],"jetpack_sharing_enabled":true,"jetpack_likes_enabled":true,"_links":{"self":[{"href":"https:\/\/informativoelvalledeaguascalientes.online\/index.php?rest_route=\/wp\/v2\/posts\/22371","targetHints":{"allow":["GET"]}}],"collection":[{"href":"https:\/\/informativoelvalledeaguascalientes.online\/index.php?rest_route=\/wp\/v2\/posts"}],"about":[{"href":"https:\/\/informativoelvalledeaguascalientes.online\/index.php?rest_route=\/wp\/v2\/types\/post"}],"author":[{"embeddable":true,"href":"https:\/\/informativoelvalledeaguascalientes.online\/index.php?rest_route=\/wp\/v2\/users\/1"}],"replies":[{"embeddable":true,"href":"https:\/\/informativoelvalledeaguascalientes.online\/index.php?rest_route=%2Fwp%2Fv2%2Fcomments&post=22371"}],"version-history":[{"count":1,"href":"https:\/\/informativoelvalledeaguascalientes.online\/index.php?rest_route=\/wp\/v2\/posts\/22371\/revisions"}],"predecessor-version":[{"id":22373,"href":"https:\/\/informativoelvalledeaguascalientes.online\/index.php?rest_route=\/wp\/v2\/posts\/22371\/revisions\/22373"}],"wp:featuredmedia":[{"embeddable":true,"href":"https:\/\/informativoelvalledeaguascalientes.online\/index.php?rest_route=\/wp\/v2\/media\/22372"}],"wp:attachment":[{"href":"https:\/\/informativoelvalledeaguascalientes.online\/index.php?rest_route=%2Fwp%2Fv2%2Fmedia&parent=22371"}],"wp:term":[{"taxonomy":"category","embeddable":true,"href":"https:\/\/informativoelvalledeaguascalientes.online\/index.php?rest_route=%2Fwp%2Fv2%2Fcategories&post=22371"},{"taxonomy":"post_tag","embeddable":true,"href":"https:\/\/informativoelvalledeaguascalientes.online\/index.php?rest_route=%2Fwp%2Fv2%2Ftags&post=22371"}],"curies":[{"name":"wp","href":"https:\/\/api.w.org\/{rel}","templated":true}]}}