{"id":22361,"date":"2021-08-19T21:27:22","date_gmt":"2021-08-20T03:27:22","guid":{"rendered":"https:\/\/informativoelvalledeaguascalientes.online\/?p=22361"},"modified":"2021-08-19T21:27:22","modified_gmt":"2021-08-20T03:27:22","slug":"inauguracion-y-consagracion-de-la-capilla-del-complejo-santa-cruz-calvillo","status":"publish","type":"post","link":"https:\/\/informativoelvalledeaguascalientes.online\/?p=22361","title":{"rendered":"INAUGURACI\u00d3N Y CONSAGRACI\u00d3N DE LA CAPILLA DEL COMPLEJO SANTA CRUZ CALVILLO"},"content":{"rendered":"<p><strong>\u00a0<\/strong><\/p>\n<p>#informativoelvalledeaguascalientes , #novaradioaguascalientes<\/p>\n<p>&nbsp;<\/p>\n<ul>\n<li><strong>Consagraci\u00f3n de la capilla en el complejo Santa Cruz Calvillo.<\/strong><\/li>\n<li><strong>Al ritmo de Matlachines, tamborazo y show de pirotecnia se inaugur\u00f3 la Capilla en honor a Santa Elena dentro del complejo Santa Cruz.<\/strong><\/li>\n<\/ul>\n<p>&nbsp;<\/p>\n<p>Se inaugur\u00f3 y consagr\u00f3 la capilla en honor a Santa Elena de la Cruz, ubicada dentro del complejo Santa Cruz Calvillo, cuenta con capacidad aproximada para 80 personas, de estilo minimalista y cuyo dise\u00f1o estuvo a cargo del \u00e1rea de proyectos estrat\u00e9gicos del municipio de Calvillo, al centro se encuentra el altar y de fondo un vitral con vista hacia la Sierra del Laurel, lugar donde se podr\u00e1n celebrar misas dominicales, primeras comuniones, bautizos y bodas.<\/p>\n<p>&nbsp;<\/p>\n<p>A Santa Elena madre del emperador Constantino, se le atribuye la b\u00fasqueda y el hallazgo de la Santa Cruz de Cristo en Jerusal\u00e9n, cada 18 de agosto se le festeja y conmemora, ahora los fieles cat\u00f3licos podr\u00e1n llegar al cerrito alto y visitar la capilla para postrarse ante su imagen.<\/p>\n<p>&nbsp;<\/p>\n<p>Al evento asistieron el Mtro. Ad\u00e1n Valdivia L\u00f3pez presidente municipal de Calvillo acompa\u00f1ado de su se\u00f1ora esposa la Lic. Ana Iselda Guti\u00e9rrez Calvillo; el Lic. Jorge L\u00f3pez Mart\u00edn, Secretario de Turismo de Aguascalientes en representaci\u00f3n del Gobernador del Estado el CP. Mart\u00edn Orozco Sandoval; Pbro. Juan Gabriel Rodr\u00edguez Campos, Administrador Diocesano; Lic. Jes\u00fas Figueroa Ortega, Fiscal General; Ing. Jos\u00e9 Manuel Velasco Serna, Diputado Presidente de la Diputaci\u00f3n Permanente del H. Congreso del Estado de Aguascalientes; Pbro. Salvador Saucedo Serna, Coordinador del Colegio de Decanos; Pbro. Juan Pablo Lozano Esparza, Capellan\u00eda de Ntra. Sra. del Refugio, Malpaso; Pbro. Selden Omar Barrera \u00c1lvarez, Parroquia del Se\u00f1or del Salitre, Calvillo; Lic. Daniel Romo Urrutia, Presidente Municipal Electo de Calvillo; Lic. Carlos Antonio Carrillo G\u00f3mez, Presidente Municipal de Jalpa, Zacatecas; \u00a0Lic. No\u00e9 Guadalupe Esparza Mart\u00ednez, Presidente Municipal Electo de Jalpa, Zacatecas, quienes pudieron constatar de primera mano la \u00a0consagraci\u00f3n e inauguraci\u00f3n de la capilla.<\/p>\n<p>&nbsp;<\/p>\n<p>La celebraci\u00f3n inici\u00f3 con la procesi\u00f3n desde el Templo de San Juan hasta el complejo Santa Cruz Calvillo, donde los fieles cat\u00f3licos al caminar de los carros aleg\u00f3ricos uno para la Virgen Dolorosa y otro para Santa Elena de la Cruz recorrieron las calles del Cerrito Alto hasta llegar a la capilla de la Santa Cruz, acompa\u00f1ados tambi\u00e9n por dos grupos de danza de Matlachines y tamborazo.<\/p>\n<p>&nbsp;<\/p>\n<p>A su arribo al complejo Santa Cruz Calvillo las im\u00e1genes fueron situadas en su lugar dentro de la capilla donde se realiz\u00f3 la consagraci\u00f3n y seguido dio inicio la celebraci\u00f3n religiosa, al finalizar la Santa Misa, los asistentes disfrutaron del encendido de la Cruz Monumental; adem\u00e1s de un show de pirotecnia al ritmo de la m\u00fasica, al t\u00e9rmino del espect\u00e1culo el alcalde Ad\u00e1n Valdivia L\u00f3pez brindo un breve mensaje de agradecimiento y compromiso a los asistentes por este gran proyecto.<\/p>\n","protected":false},"excerpt":{"rendered":"<p>\u00a0 #informativoelvalledeaguascalientes , #novaradioaguascalientes &nbsp; Consagraci\u00f3n de la capilla en el complejo Santa Cruz Calvillo. Al ritmo de Matlachines, tamborazo y show de pirotecnia se inaugur\u00f3 la Capilla en honor a Santa Elena dentro del complejo Santa Cruz. &nbsp; Se inaugur\u00f3 y consagr\u00f3 la capilla en honor a Santa Elena de la Cruz, ubicada dentro [&hellip;]<\/p>\n","protected":false},"author":1,"featured_media":22362,"comment_status":"closed","ping_status":"open","sticky":false,"template":"","format":"standard","meta":{"advanced_seo_description":"","jetpack_seo_html_title":"","jetpack_seo_noindex":false,"_jetpack_memberships_contains_paid_content":false,"footnotes":"","jetpack_publicize_message":"","jetpack_publicize_feature_enabled":true,"jetpack_social_post_already_shared":true,"jetpack_social_options":{"image_generator_settings":{"template":"highway","default_image_id":0,"font":"","enabled":false},"version":2}},"categories":[21,13],"tags":[22,29],"class_list":["post-22361","post","type-post","status-publish","format-standard","has-post-thumbnail","hentry","category-aguascalientes","category-calvillo-aguascalientes","tag-aguascalientes","tag-calvillo-aguascalientes"],"jetpack_publicize_connections":[],"jetpack_featured_media_url":"https:\/\/i0.wp.com\/informativoelvalledeaguascalientes.online\/wp-content\/uploads\/2021\/08\/1-1-scaled.jpg?fit=2560%2C1707&ssl=1","jetpack-related-posts":[],"jetpack_sharing_enabled":true,"jetpack_likes_enabled":true,"_links":{"self":[{"href":"https:\/\/informativoelvalledeaguascalientes.online\/index.php?rest_route=\/wp\/v2\/posts\/22361","targetHints":{"allow":["GET"]}}],"collection":[{"href":"https:\/\/informativoelvalledeaguascalientes.online\/index.php?rest_route=\/wp\/v2\/posts"}],"about":[{"href":"https:\/\/informativoelvalledeaguascalientes.online\/index.php?rest_route=\/wp\/v2\/types\/post"}],"author":[{"embeddable":true,"href":"https:\/\/informativoelvalledeaguascalientes.online\/index.php?rest_route=\/wp\/v2\/users\/1"}],"replies":[{"embeddable":true,"href":"https:\/\/informativoelvalledeaguascalientes.online\/index.php?rest_route=%2Fwp%2Fv2%2Fcomments&post=22361"}],"version-history":[{"count":1,"href":"https:\/\/informativoelvalledeaguascalientes.online\/index.php?rest_route=\/wp\/v2\/posts\/22361\/revisions"}],"predecessor-version":[{"id":22363,"href":"https:\/\/informativoelvalledeaguascalientes.online\/index.php?rest_route=\/wp\/v2\/posts\/22361\/revisions\/22363"}],"wp:featuredmedia":[{"embeddable":true,"href":"https:\/\/informativoelvalledeaguascalientes.online\/index.php?rest_route=\/wp\/v2\/media\/22362"}],"wp:attachment":[{"href":"https:\/\/informativoelvalledeaguascalientes.online\/index.php?rest_route=%2Fwp%2Fv2%2Fmedia&parent=22361"}],"wp:term":[{"taxonomy":"category","embeddable":true,"href":"https:\/\/informativoelvalledeaguascalientes.online\/index.php?rest_route=%2Fwp%2Fv2%2Fcategories&post=22361"},{"taxonomy":"post_tag","embeddable":true,"href":"https:\/\/informativoelvalledeaguascalientes.online\/index.php?rest_route=%2Fwp%2Fv2%2Ftags&post=22361"}],"curies":[{"name":"wp","href":"https:\/\/api.w.org\/{rel}","templated":true}]}}