{"id":22243,"date":"2021-08-15T20:30:49","date_gmt":"2021-08-16T02:30:49","guid":{"rendered":"https:\/\/informativoelvalledeaguascalientes.online\/?p=22243"},"modified":"2021-08-15T20:30:49","modified_gmt":"2021-08-16T02:30:49","slug":"bordo-santa-elena-se-convertira-en-un-espacio-para-las-familias-de-aguascalientes-mos","status":"publish","type":"post","link":"https:\/\/informativoelvalledeaguascalientes.online\/?p=22243","title":{"rendered":"BORDO SANTA ELENA SE CONVERTIR\u00c1 EN UN ESPACIO PARA LAS FAMILIAS DE AGUASCALIENTES: MOS\u00a0"},"content":{"rendered":"<p dir=\"ltr\">#informativoelvalledeaguascalientes , #novaradioaguascalientes<\/p>\n<ul>\n<li dir=\"ltr\">\n<p dir=\"ltr\" role=\"presentation\">El Gobierno del Estado trabaja en la limpieza y rescate de esta zona que se convertir\u00e1 en un complejo cultural y deportivo para la convivencia de las familias del oriente de la capital.<\/p>\n<\/li>\n<li dir=\"ltr\">\n<p dir=\"ltr\" role=\"presentation\">Se intervendr\u00e1n colonias para atacar problem\u00e1ticas sociales.<\/p>\n<\/li>\n<li dir=\"ltr\">\n<p dir=\"ltr\" role=\"presentation\">Este ser\u00e1 uno de los \u00faltimos proyectos de la administraci\u00f3n de Mart\u00edn Orozco en beneficio de las y los aguascalentenses.<\/p>\n<\/li>\n<\/ul>\n<p dir=\"ltr\">El gobernador Mart\u00edn Orozco Sandoval encabez\u00f3 un recorrido por el Bordo Santa Elena, espacio en el que actualmente se realizan labores de limpieza para el rescate de esta zona, la cual se transformar\u00e1 en un \u00e1rea de recreaci\u00f3n y esparcimiento para las familias del oriente de la capital.<\/p>\n<p dir=\"ltr\">Acompa\u00f1ado de funcionarios estatales, el mandatario se\u00f1al\u00f3 que el Bordo Santa Elena se consolidar\u00e1 como un complejo cultural y deportivo de espacios abiertos, seguro y con la infraestructura necesaria para fomentar la convivencia, y sobre todo, reconstruir el tejido social de las colonias aleda\u00f1as.<\/p>\n<p dir=\"ltr\">Orozco Sandoval dio a conocer que en este momento se est\u00e1 extrayendo el agua y los escombros, con lo que tambi\u00e9n se estar\u00e1 resolviendo un problema de contaminaci\u00f3n que hab\u00eda sido latente en esta zona.<\/p>\n<p dir=\"ltr\">En este sentido, dijo que dependencias del Gobierno del Estado como la PROESPA, INAGUA, Secretar\u00eda de Obras P\u00fablicas y de Sustentabilidad Medio Ambiente y Agua, participan activamente en estas labores.<\/p>\n<p dir=\"ltr\">Por otro lado, el jefe del Ejecutivo mencion\u00f3 que el Sistema DIF Estatal intervendr\u00e1 en colonias cercanas al Bordo Santa Elena a trav\u00e9s de c\u00e9lulas de profesionales de la psicolog\u00eda y el trabajo social, quienes tocar\u00e1n casa por casa para atender problem\u00e1ticas de violencia familiar, temas de salud mental y drogadicci\u00f3n, por mencionar algunas.<\/p>\n<p dir=\"ltr\">Finalmente, Mart\u00edn Orozco dijo que este ser\u00e1 uno de los \u00faltimos proyectos que entregar\u00e1 antes de que concluya su administraci\u00f3n y que marcar\u00e1 una nueva etapa para la regeneraci\u00f3n social del oriente de Aguascalientes.<\/p>\n","protected":false},"excerpt":{"rendered":"<p>#informativoelvalledeaguascalientes , #novaradioaguascalientes El Gobierno del Estado trabaja en la limpieza y rescate de esta zona que se convertir\u00e1 en un complejo cultural y deportivo para la convivencia de las familias del oriente de la capital. Se intervendr\u00e1n colonias para atacar problem\u00e1ticas sociales. Este ser\u00e1 uno de los \u00faltimos proyectos de la administraci\u00f3n de Mart\u00edn [&hellip;]<\/p>\n","protected":false},"author":1,"featured_media":22244,"comment_status":"closed","ping_status":"open","sticky":false,"template":"","format":"standard","meta":{"advanced_seo_description":"","jetpack_seo_html_title":"","jetpack_seo_noindex":false,"_jetpack_memberships_contains_paid_content":false,"footnotes":"","jetpack_publicize_message":"","jetpack_publicize_feature_enabled":true,"jetpack_social_post_already_shared":true,"jetpack_social_options":{"image_generator_settings":{"template":"highway","default_image_id":0,"font":"","enabled":false},"version":2}},"categories":[21,4],"tags":[22,65,184,31,86,51],"class_list":["post-22243","post","type-post","status-publish","format-standard","has-post-thumbnail","hentry","category-aguascalientes","category-gobierno-del-estado-aguascalientes","tag-aguascalientes","tag-dif-estatal-aguascalientes","tag-inagua","tag-mos","tag-proespa","tag-seggob"],"jetpack_publicize_connections":[],"jetpack_featured_media_url":"https:\/\/i0.wp.com\/informativoelvalledeaguascalientes.online\/wp-content\/uploads\/2021\/08\/WhatsApp-Image-2021-08-13-at-4.05.04-PM.jpeg?fit=1280%2C853&ssl=1","jetpack-related-posts":[],"jetpack_sharing_enabled":true,"jetpack_likes_enabled":true,"_links":{"self":[{"href":"https:\/\/informativoelvalledeaguascalientes.online\/index.php?rest_route=\/wp\/v2\/posts\/22243","targetHints":{"allow":["GET"]}}],"collection":[{"href":"https:\/\/informativoelvalledeaguascalientes.online\/index.php?rest_route=\/wp\/v2\/posts"}],"about":[{"href":"https:\/\/informativoelvalledeaguascalientes.online\/index.php?rest_route=\/wp\/v2\/types\/post"}],"author":[{"embeddable":true,"href":"https:\/\/informativoelvalledeaguascalientes.online\/index.php?rest_route=\/wp\/v2\/users\/1"}],"replies":[{"embeddable":true,"href":"https:\/\/informativoelvalledeaguascalientes.online\/index.php?rest_route=%2Fwp%2Fv2%2Fcomments&post=22243"}],"version-history":[{"count":1,"href":"https:\/\/informativoelvalledeaguascalientes.online\/index.php?rest_route=\/wp\/v2\/posts\/22243\/revisions"}],"predecessor-version":[{"id":22245,"href":"https:\/\/informativoelvalledeaguascalientes.online\/index.php?rest_route=\/wp\/v2\/posts\/22243\/revisions\/22245"}],"wp:featuredmedia":[{"embeddable":true,"href":"https:\/\/informativoelvalledeaguascalientes.online\/index.php?rest_route=\/wp\/v2\/media\/22244"}],"wp:attachment":[{"href":"https:\/\/informativoelvalledeaguascalientes.online\/index.php?rest_route=%2Fwp%2Fv2%2Fmedia&parent=22243"}],"wp:term":[{"taxonomy":"category","embeddable":true,"href":"https:\/\/informativoelvalledeaguascalientes.online\/index.php?rest_route=%2Fwp%2Fv2%2Fcategories&post=22243"},{"taxonomy":"post_tag","embeddable":true,"href":"https:\/\/informativoelvalledeaguascalientes.online\/index.php?rest_route=%2Fwp%2Fv2%2Ftags&post=22243"}],"curies":[{"name":"wp","href":"https:\/\/api.w.org\/{rel}","templated":true}]}}