{"id":22164,"date":"2021-08-12T20:48:23","date_gmt":"2021-08-13T02:48:23","guid":{"rendered":"https:\/\/informativoelvalledeaguascalientes.online\/?p=22164"},"modified":"2021-08-12T20:48:23","modified_gmt":"2021-08-13T02:48:23","slug":"recibe-secretario-de-gobierno-a-jovenes-ganadores-del-concurso-de-oratoria-jesus-teran-peredo","status":"publish","type":"post","link":"https:\/\/informativoelvalledeaguascalientes.online\/?p=22164","title":{"rendered":"RECIBE SECRETARIO DE GOBIERNO A J\u00d3VENES GANADORES DEL CONCURSO DE ORATORIA \u201cJES\u00daS TER\u00c1N PEREDO\u201d"},"content":{"rendered":"<p style=\"font-weight: 400;\">#informativoelvalledeaguascalientes , #novaradioaguascalientes<\/p>\n<p style=\"font-weight: 400;\"><strong>\u00a0<\/strong><\/p>\n<ul>\n<li style=\"font-weight: 400;\"><strong><em>Los ganadores fueron tres j\u00f3venes universitarios interesados en el uso elocuente de la voz<\/em><\/strong><\/li>\n<li style=\"font-weight: 400;\"><strong><em>El secretario general de Gobierno felicit\u00f3 a los ganadores y les record\u00f3 que la oratoria les permitir\u00e1 desenvolverse mejor en su vida<\/em><\/strong><\/li>\n<\/ul>\n<p style=\"font-weight: 400;\"><strong><em>\u00a0<\/em><\/strong><\/p>\n<p style=\"font-weight: 400;\">\n<p style=\"font-weight: 400;\">El secretario general de Gobierno, Juan Manuel Flores Femat, recibi\u00f3 a los ganadores del concurso estatal de oratoria \u201cBicentenario del Natalicio de Jes\u00fas Ter\u00e1n Peredo\u201d, organizado en conjunto por la Secretar\u00eda General de Gobierno y los institutos de Educaci\u00f3n de Aguascalientes y Aguascalentense de la Juventud, cuyo objetivo fue fomentar la cultura c\u00edvica y el uso elocuente de la voz en los j\u00f3venes aguascalentenses.<\/p>\n<p style=\"font-weight: 400;\">\n<p style=\"font-weight: 400;\">El ganador del primer lugar fue para N\u00e9stor Sandoval, estudiante de ingenier\u00eda en Inteligencia Artificial de la Universidad Panamericana; el segundo lugar lo obtuvo David Mart\u00ednez, alumno de Pol\u00edticas P\u00fablicas de\u00a0El Centro de Investigaci\u00f3n y Docencia Econ\u00f3micas; y el tercer lugar lo gan\u00f3 Amada Torres, estudiante de Comunicaci\u00f3n de la Universidad Aut\u00f3noma de Aguascalientes.<\/p>\n<p style=\"font-weight: 400;\">\n<p style=\"font-weight: 400;\">Acompa\u00f1ado del director general de Desarrollo C\u00edvico, Adri\u00e1n S\u00e1nchez Rodr\u00edguez, el secretario general de Gobierno felicit\u00f3 a los j\u00f3venes ganadores por su participaci\u00f3n en este concurso, y por el inter\u00e9s por desarrollar el arte de la palabra, pues la oratoria les va a permitir un mejor desenvolvimiento en su vida cotidiana y profesional.<\/p>\n<p style=\"font-weight: 400;\">\n<p style=\"font-weight: 400;\">El concurso se realiz\u00f3 en dos etapas, en la primera, participaron 30 j\u00f3venes, a los que se les evalu\u00f3 el contenido de su discurso, dominio esc\u00e9nico, volumen, dicci\u00f3n y matiz, modulaci\u00f3n y \u00e9nfasis de la voz; los ganadores resultaron de los 10 finalistas que pasaron a la segunda etapa del concurso.<\/p>\n<p style=\"font-weight: 400;\">\n","protected":false},"excerpt":{"rendered":"<p>#informativoelvalledeaguascalientes , #novaradioaguascalientes \u00a0 Los ganadores fueron tres j\u00f3venes universitarios interesados en el uso elocuente de la voz El secretario general de Gobierno felicit\u00f3 a los ganadores y les record\u00f3 que la oratoria les permitir\u00e1 desenvolverse mejor en su vida \u00a0 El secretario general de Gobierno, Juan Manuel Flores Femat, recibi\u00f3 a los ganadores del [&hellip;]<\/p>\n","protected":false},"author":1,"featured_media":22165,"comment_status":"closed","ping_status":"open","sticky":false,"template":"","format":"standard","meta":{"advanced_seo_description":"","jetpack_seo_html_title":"","jetpack_seo_noindex":false,"_jetpack_memberships_contains_paid_content":false,"footnotes":"","jetpack_publicize_message":"","jetpack_publicize_feature_enabled":true,"jetpack_social_post_already_shared":true,"jetpack_social_options":{"image_generator_settings":{"template":"highway","default_image_id":0,"font":"","enabled":false},"version":2}},"categories":[21,4],"tags":[22,51],"class_list":["post-22164","post","type-post","status-publish","format-standard","has-post-thumbnail","hentry","category-aguascalientes","category-gobierno-del-estado-aguascalientes","tag-aguascalientes","tag-seggob"],"jetpack_publicize_connections":[],"jetpack_featured_media_url":"https:\/\/i0.wp.com\/informativoelvalledeaguascalientes.online\/wp-content\/uploads\/2021\/08\/WhatsApp-Image-2021-08-12-at-12.38.11-PM.jpeg?fit=1280%2C853&ssl=1","jetpack-related-posts":[],"jetpack_sharing_enabled":true,"jetpack_likes_enabled":true,"_links":{"self":[{"href":"https:\/\/informativoelvalledeaguascalientes.online\/index.php?rest_route=\/wp\/v2\/posts\/22164","targetHints":{"allow":["GET"]}}],"collection":[{"href":"https:\/\/informativoelvalledeaguascalientes.online\/index.php?rest_route=\/wp\/v2\/posts"}],"about":[{"href":"https:\/\/informativoelvalledeaguascalientes.online\/index.php?rest_route=\/wp\/v2\/types\/post"}],"author":[{"embeddable":true,"href":"https:\/\/informativoelvalledeaguascalientes.online\/index.php?rest_route=\/wp\/v2\/users\/1"}],"replies":[{"embeddable":true,"href":"https:\/\/informativoelvalledeaguascalientes.online\/index.php?rest_route=%2Fwp%2Fv2%2Fcomments&post=22164"}],"version-history":[{"count":1,"href":"https:\/\/informativoelvalledeaguascalientes.online\/index.php?rest_route=\/wp\/v2\/posts\/22164\/revisions"}],"predecessor-version":[{"id":22166,"href":"https:\/\/informativoelvalledeaguascalientes.online\/index.php?rest_route=\/wp\/v2\/posts\/22164\/revisions\/22166"}],"wp:featuredmedia":[{"embeddable":true,"href":"https:\/\/informativoelvalledeaguascalientes.online\/index.php?rest_route=\/wp\/v2\/media\/22165"}],"wp:attachment":[{"href":"https:\/\/informativoelvalledeaguascalientes.online\/index.php?rest_route=%2Fwp%2Fv2%2Fmedia&parent=22164"}],"wp:term":[{"taxonomy":"category","embeddable":true,"href":"https:\/\/informativoelvalledeaguascalientes.online\/index.php?rest_route=%2Fwp%2Fv2%2Fcategories&post=22164"},{"taxonomy":"post_tag","embeddable":true,"href":"https:\/\/informativoelvalledeaguascalientes.online\/index.php?rest_route=%2Fwp%2Fv2%2Ftags&post=22164"}],"curies":[{"name":"wp","href":"https:\/\/api.w.org\/{rel}","templated":true}]}}