{"id":22155,"date":"2021-08-12T20:28:01","date_gmt":"2021-08-13T02:28:01","guid":{"rendered":"https:\/\/informativoelvalledeaguascalientes.online\/?p=22155"},"modified":"2021-08-12T20:28:01","modified_gmt":"2021-08-13T02:28:01","slug":"tere-jimenez-refrenda-el-compromiso-de-impulsar-el-talento-juvenil-y-deportivo","status":"publish","type":"post","link":"https:\/\/informativoelvalledeaguascalientes.online\/?p=22155","title":{"rendered":"TERE JIM\u00c9NEZ REFRENDA EL COMPROMISO DE IMPULSAR EL TALENTO JUVENIL Y DEPORTIVO"},"content":{"rendered":"<p>#informativoelvalledeaguascalientes , #novaradioaguascalientes<\/p>\n<ul>\n<li><strong>Entreg\u00f3 los Premios Municipales de la Juventud y al M\u00e9rito Deportivo en su edici\u00f3n 2021<\/strong><\/li>\n<\/ul>\n<p>En Sesi\u00f3n Extraordinaria de Cabildo, la alcaldesa\u00a0<strong>Tere Jim\u00e9nez<\/strong>\u00a0entreg\u00f3 los Premios Municipales de la Juventud y al M\u00e9rito Deportivo 2021, en su mensaje manifest\u00f3 \u201che establecido con los j\u00f3venes un compromiso permanente y este es un buen momento para ratificarlo\u201d, asegur\u00f3 que todos los d\u00edas trabaja por un Aguascalientes m\u00e1s humano e incluyente, que garantice el desarrollo integral y equidad en oportunidades para las y los j\u00f3venes.<\/p>\n<p>En el marco del D\u00eda Internacional de la Juventud, indic\u00f3 que su administraci\u00f3n ha dado un fuerte impulso a este sector social, con las Becas de Movilidad y de Titulaci\u00f3n, la Copa Aguascalientes, dos Escuelas de la Comunidad de Orquestas Municipales de Aguascalientes (COMP\u00c1Z), adem\u00e1s de promover la capacitaci\u00f3n y vinculaci\u00f3n para que consoliden su profesionalismo y productividad.<\/p>\n<p>Los ganadores del primer lugar de cada categor\u00eda al Premio Municipal de la Juventud 2021, recibieron un est\u00edmulo econ\u00f3mico por 10 mil pesos:<\/p>\n<ul>\n<li><strong>Sof\u00eda Renovales Castillo<\/strong>, categor\u00eda Impacto Social y Protecci\u00f3n al Medio Ambiente. Por su destacada participaci\u00f3n en la OEA 2019 en Colombia, adem\u00e1s de ser responsable de la organizaci\u00f3n de diversas actividades de acci\u00f3n social para m\u00e1s de 120 alumnos del colegio Cumbres International School Aguascalientes.<\/li>\n<li><strong>Regina D\u00edaz Cervantes<\/strong>, categor\u00eda Expresiones Art\u00edsticas y Culturales. Medalla de oro en el concurso \u201cConfederaci\u00f3n Nacional de Danza\u201d, en Carcassone, Francia, adem\u00e1s de conseguir una beca del 100 por ciento en\u00a0 Victoria Academy of Ballet.<\/li>\n<li><strong>Ricardo Garc\u00eda Hern\u00e1ndez<\/strong>, categor\u00eda Innovaci\u00f3n Emprendedora. Por desarrollar un biopl\u00e1stico biodegradable con c\u00e1scaras de camar\u00f3n y naranjas, a partir del cual se pueden realizar toda clase de productos.<\/li>\n<li><strong>Juan Manuel D\u00edaz Villase\u00f1or<\/strong>, categor\u00eda Habilidades Cient\u00edficas y Tecnol\u00f3gicas. Por su destacada participaci\u00f3n en m\u00e1s de seis art\u00edculos cient\u00edficos publicados, y como encargado del Centro Universitario de Ultracongelaci\u00f3n en la Universidad Aut\u00f3noma de Aguascalientes.<\/li>\n<li><strong>Nadia Elvia M\u00e1rquez<\/strong>, categor\u00eda Logro Acad\u00e9mico. Presidenta y fundadora del Colegio Mexicano de Kinesiolog\u00eda y Fisioterapeutas Especializadas en Geriatr\u00eda (COMEKFEG), adem\u00e1s de ser directora general en la cl\u00ednica KINEDIA.<\/li>\n<\/ul>\n<p>Adem\u00e1s se hizo entrega a cada uno de los galardonados del Premio Municipal al M\u00e9rito Deportivo de 12 mil pesos y su respectivo reconocimiento:<\/p>\n<ul>\n<li><strong>Gibran Israel de la Cerda Ram\u00edrez<\/strong>, categor\u00eda Infantil. Primer lugar en el Campeonato Nacional 2021 en BMX Race, en la Olimpiada Estatal de Aguascalientes y en la Copa Aguascalientes.<\/li>\n<li><strong>Laura Plascencia Villalobos<\/strong>, categor\u00eda Juvenil. Por lograr el primer lugar en los Juegos Nacionales CONADE, as\u00ed como en el Festival Mazatl\u00e1n en basquetbol 3\u00d73 y basquetbol 5.<\/li>\n<li><strong>Jonathan Antonio Mu\u00f1oz Mart\u00ednez<\/strong>, categor\u00eda Libre. Por clasificar a Juegos Ol\u00edmpicos 2020 en Tokio, Jap\u00f3n y obtener el segundo lugar en el Open clasificatorio a Juegos Ol\u00edmpicos en Cali, Colombia, en la pr\u00e1ctica de la halterofilia.<\/li>\n<li><strong>Jos\u00e9 Emanuel Rivera Guti\u00e9rrez<\/strong>, categor\u00eda Veteranos. Segundo lugar en el Noveno Marat\u00f3n Aguascalientes y cuarto lugar en la carrera Chilarillo 2021, en Jalisco.<\/li>\n<li><strong>Kenia Yesenia Villalobos Vargas<\/strong>, categor\u00eda Personas con Discapacidad. Por lograr el primer lugar en el Nacional Astri Triatl\u00f3n en Cozumel, Quintana Roo y en el Nacional Astri Triatl\u00f3n en Ixtapa, Zihuatanejo.<\/li>\n<li><strong>David Mu\u00f1oz S\u00e1nchez<\/strong>, categor\u00eda Entrenador. Por obtener la clasificaci\u00f3n en halterofilia en los Juegos Ol\u00edmpicos 2020, adem\u00e1s de lograr una medalla de oro y tres de plata en los Juegos Nacionales Juveniles 2021, con sede en Monterrey, Nuevo Le\u00f3n.<\/li>\n<li><strong>Cuernos Largos de Aguascalientes<\/strong>, categor\u00eda Especial. Por obtener el primer lugar en el Torneo OFACEMAC, en San Luis Potos\u00ed y en el Torneo ARMFA con sede en San Juan del R\u00edo, Quer\u00e9taro.<\/li>\n<li><strong>Juan Francisco P\u00e9rez Rodr\u00edguez<\/strong>, categor\u00eda Promotor o Instructor de Academias Deportivas Municipales. Primer lugar en la Copa Aguascalientes y en el Torneo Liga Hidroc\u00e1lida, as\u00ed como el tercer lugar en el Torneo Liga Cumbres-Necaxa.<\/li>\n<\/ul>\n<p>Tambi\u00e9n se entreg\u00f3 el reconocimiento al \u201cGladiador Hidroc\u00e1lido\u201d:<\/p>\n<ul>\n<li><strong>Patricia Ram\u00edrez Ram\u00edrez<\/strong>, Box. Cuenta con un r\u00e9cord de 12 peleas ganadas, lleg\u00f3 a ser ranking #7 del mundo, adem\u00e1s ha peleado en pa\u00edses como Estados Unidos, Canad\u00e1, Puerto Rico y Europa.<\/li>\n<li><strong>Felipe de Jes\u00fas Valadez Esparza<\/strong>, Lucha Libre. Con experiencia de 11 a\u00f1os como luchador profesional de trayectoria a nivel nacional, campe\u00f3n de tr\u00edos en la Arena Margarita.<\/li>\n<li><strong>Alejandro P\u00e9rez Ram\u00edrez<\/strong>, Artes Marciales. Tiene un r\u00e9cord de 22 peleas ganadas, lleg\u00f3 a ser ranking #12 a nivel mundial, primer mexicano campe\u00f3n de \u201cThe Ultimate Figther Latinoamerica\u201d de la UFC.<\/li>\n<\/ul>\n<p>Cabe hacer menci\u00f3n que los auxiliares t\u00e9cnicos del Consejo Municipal de la Juventud y del Consejo de Cultura F\u00edsica y Deporte del Municipio de Aguascalientes, tambi\u00e9n fueron acreedores a un reconocimiento por su valiosa participaci\u00f3n en estos organismos.<\/p>\n","protected":false},"excerpt":{"rendered":"<p>#informativoelvalledeaguascalientes , #novaradioaguascalientes Entreg\u00f3 los Premios Municipales de la Juventud y al M\u00e9rito Deportivo en su edici\u00f3n 2021 En Sesi\u00f3n Extraordinaria de Cabildo, la alcaldesa\u00a0Tere Jim\u00e9nez\u00a0entreg\u00f3 los Premios Municipales de la Juventud y al M\u00e9rito Deportivo 2021, en su mensaje manifest\u00f3 \u201che establecido con los j\u00f3venes un compromiso permanente y este es un buen momento [&hellip;]<\/p>\n","protected":false},"author":1,"featured_media":22156,"comment_status":"closed","ping_status":"open","sticky":false,"template":"","format":"standard","meta":{"advanced_seo_description":"","jetpack_seo_html_title":"","jetpack_seo_noindex":false,"_jetpack_memberships_contains_paid_content":false,"footnotes":"","jetpack_publicize_message":"","jetpack_publicize_feature_enabled":true,"jetpack_social_post_already_shared":true,"jetpack_social_options":{"image_generator_settings":{"template":"highway","default_image_id":0,"font":"","enabled":false},"version":2}},"categories":[21,3],"tags":[22,25],"class_list":["post-22155","post","type-post","status-publish","format-standard","has-post-thumbnail","hentry","category-aguascalientes","category-municipio-aguascalientes","tag-aguascalientes","tag-mpio-aguascalientes"],"jetpack_publicize_connections":[],"jetpack_featured_media_url":"https:\/\/i0.wp.com\/informativoelvalledeaguascalientes.online\/wp-content\/uploads\/2021\/08\/DSC_7485.jpg?fit=1620%2C1080&ssl=1","jetpack-related-posts":[],"jetpack_sharing_enabled":true,"jetpack_likes_enabled":true,"_links":{"self":[{"href":"https:\/\/informativoelvalledeaguascalientes.online\/index.php?rest_route=\/wp\/v2\/posts\/22155","targetHints":{"allow":["GET"]}}],"collection":[{"href":"https:\/\/informativoelvalledeaguascalientes.online\/index.php?rest_route=\/wp\/v2\/posts"}],"about":[{"href":"https:\/\/informativoelvalledeaguascalientes.online\/index.php?rest_route=\/wp\/v2\/types\/post"}],"author":[{"embeddable":true,"href":"https:\/\/informativoelvalledeaguascalientes.online\/index.php?rest_route=\/wp\/v2\/users\/1"}],"replies":[{"embeddable":true,"href":"https:\/\/informativoelvalledeaguascalientes.online\/index.php?rest_route=%2Fwp%2Fv2%2Fcomments&post=22155"}],"version-history":[{"count":1,"href":"https:\/\/informativoelvalledeaguascalientes.online\/index.php?rest_route=\/wp\/v2\/posts\/22155\/revisions"}],"predecessor-version":[{"id":22157,"href":"https:\/\/informativoelvalledeaguascalientes.online\/index.php?rest_route=\/wp\/v2\/posts\/22155\/revisions\/22157"}],"wp:featuredmedia":[{"embeddable":true,"href":"https:\/\/informativoelvalledeaguascalientes.online\/index.php?rest_route=\/wp\/v2\/media\/22156"}],"wp:attachment":[{"href":"https:\/\/informativoelvalledeaguascalientes.online\/index.php?rest_route=%2Fwp%2Fv2%2Fmedia&parent=22155"}],"wp:term":[{"taxonomy":"category","embeddable":true,"href":"https:\/\/informativoelvalledeaguascalientes.online\/index.php?rest_route=%2Fwp%2Fv2%2Fcategories&post=22155"},{"taxonomy":"post_tag","embeddable":true,"href":"https:\/\/informativoelvalledeaguascalientes.online\/index.php?rest_route=%2Fwp%2Fv2%2Ftags&post=22155"}],"curies":[{"name":"wp","href":"https:\/\/api.w.org\/{rel}","templated":true}]}}