{"id":22137,"date":"2021-08-11T20:42:22","date_gmt":"2021-08-12T02:42:22","guid":{"rendered":"https:\/\/informativoelvalledeaguascalientes.online\/?p=22137"},"modified":"2021-08-11T20:42:22","modified_gmt":"2021-08-12T02:42:22","slug":"municipio-de-aguascalientes-dedico-el-miercoles-ciudadano-a-la-juventud","status":"publish","type":"post","link":"https:\/\/informativoelvalledeaguascalientes.online\/?p=22137","title":{"rendered":"MUNICIPIO DE AGUASCALIENTES DEDIC\u00d3 EL MI\u00c9RCOLES CIUDADANO A LA JUVENTUD"},"content":{"rendered":"<p>#informativoelvalledeaguascalientes #novaradioaguascalientes<\/p>\n<div class=\"opinion-section opinion-single-cover opinion-indent opinion-overlay\">\n<div class=\"container\">\n<div class=\"section-head row justify-content-center text-center\">\n<div class=\"col-12 col-md-8\">\n<div class=\"section-meta\"><\/div>\n<\/div>\n<\/div>\n<\/div>\n<\/div>\n<div class=\"opinion-section\">\n<div class=\"container\">\n<div class=\"section-content row justify-content-center\">\n<div class=\"col-12 col-lg-8 opinion-order-1\">\n<article class=\"opinion-post opinion-single post-33256 post type-post status-publish format-standard has-post-thumbnail hentry category-miercoles-ciudadano tag-actividades-conmemorativas-al-dia-internacional-de-la-juventud tag-miercoles-ciudadano\">\n<div class=\"entry-content\">\n<p>Durante la atenci\u00f3n a la poblaci\u00f3n, la alcaldesa\u00a0\u00a0<strong>Tere Jim\u00e9nez<\/strong>, encabez\u00f3 el Mi\u00e9rcoles Ciudadano Tem\u00e1tico en donde se desarrollaron obras de teatro, muralismo en vivo, exposici\u00f3n de autos, representaciones danc\u00edsticas y musicales, como parte de las actividades para conmemorar el D\u00eda Internacional de la Juventud.<\/p>\n<p>Cada 12 de agosto, por declaraci\u00f3n de la Organizaci\u00f3n de las Naciones Unidas (ONU), se busca reconocer y atender las necesidades y potenciar\u00a0 este importante sector, al cual\u00a0<strong>Tere Jim\u00e9nez<\/strong>\u00a0dedic\u00f3 este foro de expresi\u00f3n para que demostraran sus habilidades en diversos rubros.<\/p>\n<p><strong>Noem\u00ed Herrada Campos<\/strong>, directora del Instituto Municipal de la Juventud de Aguascalientes (IMJUVA), mencion\u00f3 que se impulsar\u00e1n las acciones que permitan un mejor desarrollo acad\u00e9mico y personal de las y los j\u00f3venes.<\/p>\n<p><strong>Jorge Humberto Ch\u00e1vez,<\/strong>\u00a0neomuralista urbano, reconoci\u00f3 a la presidenta municipal como una gran impulsora de talentos y de una nueva generaci\u00f3n de artistas visuales.<\/p>\n<\/div>\n<\/article>\n<\/div>\n<\/div>\n<\/div>\n<\/div>\n","protected":false},"excerpt":{"rendered":"<p>#informativoelvalledeaguascalientes #novaradioaguascalientes Durante la atenci\u00f3n a la poblaci\u00f3n, la alcaldesa\u00a0\u00a0Tere Jim\u00e9nez, encabez\u00f3 el Mi\u00e9rcoles Ciudadano Tem\u00e1tico en donde se desarrollaron obras de teatro, muralismo en vivo, exposici\u00f3n de autos, representaciones danc\u00edsticas y musicales, como parte de las actividades para conmemorar el D\u00eda Internacional de la Juventud. Cada 12 de agosto, por declaraci\u00f3n de la Organizaci\u00f3n [&hellip;]<\/p>\n","protected":false},"author":1,"featured_media":22138,"comment_status":"closed","ping_status":"open","sticky":false,"template":"","format":"standard","meta":{"advanced_seo_description":"","jetpack_seo_html_title":"","jetpack_seo_noindex":false,"_jetpack_memberships_contains_paid_content":false,"footnotes":"","jetpack_publicize_message":"","jetpack_publicize_feature_enabled":true,"jetpack_social_post_already_shared":true,"jetpack_social_options":{"image_generator_settings":{"template":"highway","default_image_id":0,"font":"","enabled":false},"version":2}},"categories":[21,3],"tags":[22,513,134],"class_list":["post-22137","post","type-post","status-publish","format-standard","has-post-thumbnail","hentry","category-aguascalientes","category-municipio-aguascalientes","tag-aguascalientes","tag-miercoles-ciudadano","tag-mpio-aguascalientes-imjuva"],"jetpack_publicize_connections":[],"jetpack_featured_media_url":"https:\/\/i0.wp.com\/informativoelvalledeaguascalientes.online\/wp-content\/uploads\/2021\/08\/mpio_ags_mc_jovenes.jpg?fit=1502%2C619&ssl=1","jetpack-related-posts":[],"jetpack_sharing_enabled":true,"jetpack_likes_enabled":true,"_links":{"self":[{"href":"https:\/\/informativoelvalledeaguascalientes.online\/index.php?rest_route=\/wp\/v2\/posts\/22137","targetHints":{"allow":["GET"]}}],"collection":[{"href":"https:\/\/informativoelvalledeaguascalientes.online\/index.php?rest_route=\/wp\/v2\/posts"}],"about":[{"href":"https:\/\/informativoelvalledeaguascalientes.online\/index.php?rest_route=\/wp\/v2\/types\/post"}],"author":[{"embeddable":true,"href":"https:\/\/informativoelvalledeaguascalientes.online\/index.php?rest_route=\/wp\/v2\/users\/1"}],"replies":[{"embeddable":true,"href":"https:\/\/informativoelvalledeaguascalientes.online\/index.php?rest_route=%2Fwp%2Fv2%2Fcomments&post=22137"}],"version-history":[{"count":1,"href":"https:\/\/informativoelvalledeaguascalientes.online\/index.php?rest_route=\/wp\/v2\/posts\/22137\/revisions"}],"predecessor-version":[{"id":22139,"href":"https:\/\/informativoelvalledeaguascalientes.online\/index.php?rest_route=\/wp\/v2\/posts\/22137\/revisions\/22139"}],"wp:featuredmedia":[{"embeddable":true,"href":"https:\/\/informativoelvalledeaguascalientes.online\/index.php?rest_route=\/wp\/v2\/media\/22138"}],"wp:attachment":[{"href":"https:\/\/informativoelvalledeaguascalientes.online\/index.php?rest_route=%2Fwp%2Fv2%2Fmedia&parent=22137"}],"wp:term":[{"taxonomy":"category","embeddable":true,"href":"https:\/\/informativoelvalledeaguascalientes.online\/index.php?rest_route=%2Fwp%2Fv2%2Fcategories&post=22137"},{"taxonomy":"post_tag","embeddable":true,"href":"https:\/\/informativoelvalledeaguascalientes.online\/index.php?rest_route=%2Fwp%2Fv2%2Ftags&post=22137"}],"curies":[{"name":"wp","href":"https:\/\/api.w.org\/{rel}","templated":true}]}}