{"id":22118,"date":"2021-08-10T23:18:02","date_gmt":"2021-08-11T05:18:02","guid":{"rendered":"https:\/\/informativoelvalledeaguascalientes.online\/?p=22118"},"modified":"2021-08-10T23:18:02","modified_gmt":"2021-08-11T05:18:02","slug":"urgen-cambios-en-el-gabinete-federal-la-crisis-de-inseguridad-amenaza-la-estabilidad-del-pais-fernando-herrera","status":"publish","type":"post","link":"https:\/\/informativoelvalledeaguascalientes.online\/?p=22118","title":{"rendered":"URGEN CAMBIOS EN EL GABINETE FEDERAL. LA CRISIS DE INSEGURIDAD AMENAZA LA ESTABILIDAD DEL PA\u00cdS: FERNANDO HERRERA"},"content":{"rendered":"<p style=\"font-weight: 400;\">#informativoelvalledeaguascalientes #novaradioaguascalientes<\/p>\n<ul>\n<li style=\"font-weight: 400;\">Existen zonas del pa\u00eds que son verdaderas bombas de tiempo y que ya se le salieron de las manos al gobierno de L\u00f3pez Obrador.<\/li>\n<\/ul>\n<p style=\"font-weight: 400;\">\n<ul>\n<li style=\"font-weight: 400;\">Ante la pasividad demostrada, ahora se amenaza abiertamente a los medios de comunicaci\u00f3n que realizan una cobertura de las actividades criminales.<\/li>\n<\/ul>\n<p style=\"font-weight: 400;\">Fernando Herrera asever\u00f3 que urgen cambios en el gabinete de seguridad federal ante la evidente falta de resultados y la crisis de inseguridad, violencia e ingobernabilidad que amenazan la estabilidad del pa\u00eds.<\/p>\n<p style=\"font-weight: 400;\">\u201cEste se encamina a ser el sexenio m\u00e1s violento de los \u00faltimos 25 a\u00f1os y el gobierno federal sigue cruzado de brazos. No hay una estrategia tangible en la materia\u201d, apunt\u00f3.<\/p>\n<p style=\"font-weight: 400;\">Adem\u00e1s, dijo el aguascalentense, existen zonas del pa\u00eds que son verdaderas bombas de tiempo y que ya se le salieron de las manos al gobierno de L\u00f3pez Obrador.<\/p>\n<p style=\"font-weight: 400;\">\u201cMichoac\u00e1n, Chiapas, Zacatecas y Sonora son algunas de \u00e9stas regiones en las que la Federaci\u00f3n ya perdi\u00f3 el control y ha dejado a su suerte a los gobiernos locales\u201d, expres\u00f3.<\/p>\n<p style=\"font-weight: 400;\">Herrera \u00c1vila critic\u00f3 tambi\u00e9n que ante la pasividad demostrada, ahora se amenaza abiertamente a los medios de comunicaci\u00f3n que realizan una cobertura de las actividades criminales.<\/p>\n<p style=\"font-weight: 400;\">La situaci\u00f3n es de tal magnitud, a\u00f1adi\u00f3, que incluso las autoridades de Estados Unidos han encendido las alertas ante la falta de Estado de Derecho que priva en M\u00e9xico, como es el caso del ex Embajador Cristopher Landau.<\/p>\n<p style=\"font-weight: 400;\">\u201cY no s\u00f3lo eso, el gobierno federal de Morena es percibido como un gobierno complaciente con los grupos criminales. Es decir, como un gobierno que les deja hacer\u201d.<\/p>\n<p style=\"font-weight: 400;\">\u201cUrge que el presidente haga cambios en su gabinete y env\u00ede una se\u00f1al clara de estar preocupado y ocupado en resolver la crisis de inseguridad y violencia que asola al pa\u00eds\u201d, dijo.<\/p>\n<p style=\"font-weight: 400;\">Fernando Herrera record\u00f3 que el presidente L\u00f3pez Obrador se autoimpuso plazos para lograr la pacificaci\u00f3n del pa\u00eds y regresar a las Fuerzas Armadas a sus cuarteles. Sin embargo, precis\u00f3, \u201cno ha hecho ni lo uno ni lo otro\u201d.<\/p>\n<p style=\"font-weight: 400;\">Por el contrario, detall\u00f3 el aguascalentense, la tasa de homicidios con AMLO es la m\u00e1s alta de los \u00faltimos 4 sexenios, 36.5 por cada 100 mil habitantes.<\/p>\n<p style=\"font-weight: 400;\">Al paso que vamos, destac\u00f3, este terminar\u00e1 siendo el sexenio m\u00e1s violento de las \u00faltimas dos d\u00e9cadas.<\/p>\n","protected":false},"excerpt":{"rendered":"<p>#informativoelvalledeaguascalientes #novaradioaguascalientes Existen zonas del pa\u00eds que son verdaderas bombas de tiempo y que ya se le salieron de las manos al gobierno de L\u00f3pez Obrador. Ante la pasividad demostrada, ahora se amenaza abiertamente a los medios de comunicaci\u00f3n que realizan una cobertura de las actividades criminales. Fernando Herrera asever\u00f3 que urgen cambios en el [&hellip;]<\/p>\n","protected":false},"author":1,"featured_media":22119,"comment_status":"closed","ping_status":"open","sticky":false,"template":"","format":"standard","meta":{"advanced_seo_description":"","jetpack_seo_html_title":"","jetpack_seo_noindex":false,"_jetpack_memberships_contains_paid_content":false,"footnotes":"","jetpack_publicize_message":"","jetpack_publicize_feature_enabled":true,"jetpack_social_post_already_shared":true,"jetpack_social_options":{"image_generator_settings":{"template":"highway","default_image_id":0,"font":"","enabled":false},"version":2}},"categories":[21,7],"tags":[22,74,23],"class_list":["post-22118","post","type-post","status-publish","format-standard","has-post-thumbnail","hentry","category-aguascalientes","category-pan-aguascalientes","tag-aguascalientes","tag-fernando-herrera","tag-pan-aguascalientes"],"jetpack_publicize_connections":[],"jetpack_featured_media_url":"https:\/\/i0.wp.com\/informativoelvalledeaguascalientes.online\/wp-content\/uploads\/2021\/08\/FERNANDOH222.jpg?fit=1600%2C1066&ssl=1","jetpack-related-posts":[],"jetpack_sharing_enabled":true,"jetpack_likes_enabled":true,"_links":{"self":[{"href":"https:\/\/informativoelvalledeaguascalientes.online\/index.php?rest_route=\/wp\/v2\/posts\/22118","targetHints":{"allow":["GET"]}}],"collection":[{"href":"https:\/\/informativoelvalledeaguascalientes.online\/index.php?rest_route=\/wp\/v2\/posts"}],"about":[{"href":"https:\/\/informativoelvalledeaguascalientes.online\/index.php?rest_route=\/wp\/v2\/types\/post"}],"author":[{"embeddable":true,"href":"https:\/\/informativoelvalledeaguascalientes.online\/index.php?rest_route=\/wp\/v2\/users\/1"}],"replies":[{"embeddable":true,"href":"https:\/\/informativoelvalledeaguascalientes.online\/index.php?rest_route=%2Fwp%2Fv2%2Fcomments&post=22118"}],"version-history":[{"count":1,"href":"https:\/\/informativoelvalledeaguascalientes.online\/index.php?rest_route=\/wp\/v2\/posts\/22118\/revisions"}],"predecessor-version":[{"id":22120,"href":"https:\/\/informativoelvalledeaguascalientes.online\/index.php?rest_route=\/wp\/v2\/posts\/22118\/revisions\/22120"}],"wp:featuredmedia":[{"embeddable":true,"href":"https:\/\/informativoelvalledeaguascalientes.online\/index.php?rest_route=\/wp\/v2\/media\/22119"}],"wp:attachment":[{"href":"https:\/\/informativoelvalledeaguascalientes.online\/index.php?rest_route=%2Fwp%2Fv2%2Fmedia&parent=22118"}],"wp:term":[{"taxonomy":"category","embeddable":true,"href":"https:\/\/informativoelvalledeaguascalientes.online\/index.php?rest_route=%2Fwp%2Fv2%2Fcategories&post=22118"},{"taxonomy":"post_tag","embeddable":true,"href":"https:\/\/informativoelvalledeaguascalientes.online\/index.php?rest_route=%2Fwp%2Fv2%2Ftags&post=22118"}],"curies":[{"name":"wp","href":"https:\/\/api.w.org\/{rel}","templated":true}]}}