{"id":21997,"date":"2021-08-07T20:23:12","date_gmt":"2021-08-08T02:23:12","guid":{"rendered":"https:\/\/informativoelvalledeaguascalientes.online\/?p=21997"},"modified":"2021-08-07T20:23:12","modified_gmt":"2021-08-08T02:23:12","slug":"destina-tere-jimenez-mas-de-7-millones-a-la-rehabilitacion-de-la-avenida-ojocaliente","status":"publish","type":"post","link":"https:\/\/informativoelvalledeaguascalientes.online\/?p=21997","title":{"rendered":"DESTINA TERE JIM\u00c9NEZ M\u00c1S DE 7 MILLONES A LA REHABILITACI\u00d3N DE LA AVENIDA OJOCALIENTE"},"content":{"rendered":"<p>#informativoelvalledeaguascalientes #novaradioaguascalientes<\/p>\n<p>La alcaldesa\u00a0<strong>Tere Jim\u00e9nez<\/strong>\u00a0contin\u00faa invirtiendo en obra p\u00fablica de calidad para las familias.<\/p>\n<p>En esta ocasi\u00f3n entreg\u00f3 la rehabilitaci\u00f3n de la Avenida Ojocaliente, del tramo que va desde la avenida Rodolfo Landeros hasta la calle Paula de Jes\u00fas Jim\u00e9nez Y\u00e1\u00f1ez.<\/p>\n<p>Asimismo, anunci\u00f3 la reparaci\u00f3n de un nuevo tramo de esta avenida, en el que la Secretar\u00eda de Obras P\u00fablicas Municipales (SOPMA), estar\u00e1 colocando asfalto, mismo que comprende de la calle Salto de los Salado a San Jos\u00e9 de la Orde\u00f1a, en ambas calzadas.<\/p>\n<p><strong>Tere Jim\u00e9nez\u00a0<\/strong>detall\u00f3 que en estas acciones se invertir\u00e1n m\u00e1s de 7 millones de pesos del Fondo Directo Municipal.<\/p>\n<p><strong>Marco Antonio Lic\u00f3n D\u00e1vila<\/strong>, titular de SOPMA, asegur\u00f3 que la obra tambi\u00e9n contempla la\u00a0 construcci\u00f3n de\u00a0 complementos de infraestructura hidrosanitaria, con lo que se beneficiar\u00e1 a m\u00e1s de 300 mil habitantes.<\/p>\n","protected":false},"excerpt":{"rendered":"<p>#informativoelvalledeaguascalientes #novaradioaguascalientes La alcaldesa\u00a0Tere Jim\u00e9nez\u00a0contin\u00faa invirtiendo en obra p\u00fablica de calidad para las familias. En esta ocasi\u00f3n entreg\u00f3 la rehabilitaci\u00f3n de la Avenida Ojocaliente, del tramo que va desde la avenida Rodolfo Landeros hasta la calle Paula de Jes\u00fas Jim\u00e9nez Y\u00e1\u00f1ez. Asimismo, anunci\u00f3 la reparaci\u00f3n de un nuevo tramo de esta avenida, en el que [&hellip;]<\/p>\n","protected":false},"author":1,"featured_media":21998,"comment_status":"closed","ping_status":"open","sticky":false,"template":"","format":"standard","meta":{"advanced_seo_description":"","jetpack_seo_html_title":"","jetpack_seo_noindex":false,"_jetpack_memberships_contains_paid_content":false,"footnotes":"","jetpack_publicize_message":"","jetpack_publicize_feature_enabled":true,"jetpack_social_post_already_shared":true,"jetpack_social_options":{"image_generator_settings":{"template":"highway","default_image_id":0,"font":"","enabled":false},"version":2}},"categories":[21,3],"tags":[22,25,116],"class_list":["post-21997","post","type-post","status-publish","format-standard","has-post-thumbnail","hentry","category-aguascalientes","category-municipio-aguascalientes","tag-aguascalientes","tag-mpio-aguascalientes","tag-mpio-aguascalientes-sspm"],"jetpack_publicize_connections":[],"jetpack_featured_media_url":"https:\/\/i0.wp.com\/informativoelvalledeaguascalientes.online\/wp-content\/uploads\/2021\/08\/20210806085111_IMG_0213.jpg?fit=1920%2C1280&ssl=1","jetpack-related-posts":[],"jetpack_sharing_enabled":true,"jetpack_likes_enabled":true,"_links":{"self":[{"href":"https:\/\/informativoelvalledeaguascalientes.online\/index.php?rest_route=\/wp\/v2\/posts\/21997","targetHints":{"allow":["GET"]}}],"collection":[{"href":"https:\/\/informativoelvalledeaguascalientes.online\/index.php?rest_route=\/wp\/v2\/posts"}],"about":[{"href":"https:\/\/informativoelvalledeaguascalientes.online\/index.php?rest_route=\/wp\/v2\/types\/post"}],"author":[{"embeddable":true,"href":"https:\/\/informativoelvalledeaguascalientes.online\/index.php?rest_route=\/wp\/v2\/users\/1"}],"replies":[{"embeddable":true,"href":"https:\/\/informativoelvalledeaguascalientes.online\/index.php?rest_route=%2Fwp%2Fv2%2Fcomments&post=21997"}],"version-history":[{"count":1,"href":"https:\/\/informativoelvalledeaguascalientes.online\/index.php?rest_route=\/wp\/v2\/posts\/21997\/revisions"}],"predecessor-version":[{"id":21999,"href":"https:\/\/informativoelvalledeaguascalientes.online\/index.php?rest_route=\/wp\/v2\/posts\/21997\/revisions\/21999"}],"wp:featuredmedia":[{"embeddable":true,"href":"https:\/\/informativoelvalledeaguascalientes.online\/index.php?rest_route=\/wp\/v2\/media\/21998"}],"wp:attachment":[{"href":"https:\/\/informativoelvalledeaguascalientes.online\/index.php?rest_route=%2Fwp%2Fv2%2Fmedia&parent=21997"}],"wp:term":[{"taxonomy":"category","embeddable":true,"href":"https:\/\/informativoelvalledeaguascalientes.online\/index.php?rest_route=%2Fwp%2Fv2%2Fcategories&post=21997"},{"taxonomy":"post_tag","embeddable":true,"href":"https:\/\/informativoelvalledeaguascalientes.online\/index.php?rest_route=%2Fwp%2Fv2%2Ftags&post=21997"}],"curies":[{"name":"wp","href":"https:\/\/api.w.org\/{rel}","templated":true}]}}